{"id":13,"date":"2025-01-08T06:42:40","date_gmt":"2025-01-08T06:42:40","guid":{"rendered":"https:\/\/newsmagazinexpro.kinsta.cloud\/demo\/?p=13"},"modified":"2025-11-06T08:04:28","modified_gmt":"2025-11-06T08:04:28","slug":"aile_iletisim_atolyeleri","status":"publish","type":"post","link":"http:\/\/www.ailesevgisi.com\/index.php\/2025\/01\/08\/aile_iletisim_atolyeleri\/","title":{"rendered":"\u201cAile Y\u0131l\u0131\u201dnda Aile \u0130leti\u015fim At\u00f6lyeleri faaliyete ge\u00e7iriliyor"},"content":{"rendered":"\n<p><strong>Aile ve Sosyal Hizmetler Bakanl\u0131\u011f\u0131nca, \u201cAile Y\u0131l\u0131\u201d kapsam\u0131nda Aile Destek Merkezleri (ADEM) ve Sosyal Dayan\u0131\u015fma Merkezleri (SODAM) b\u00fcnyesinde \u201cAile \u0130leti\u015fim At\u00f6lyeleri\u201d faaliyete ge\u00e7iriliyor<\/strong><\/p>\n\n\n\n<p>Bakanl\u0131k, Cumhurba\u015fkan\u0131 Recep Tayyip Erdo\u011fan taraf\u0131ndan ilan edilen &#8220;Aile Y\u0131l\u0131&#8221; kapsam\u0131nda aile i\u00e7i ileti\u015fimi g\u00fc\u00e7lendirmek amac\u0131yla \u00f6nemli bir ad\u0131m at\u0131yor. 2025 y\u0131l\u0131 boyunca Aile Destek Merkezleri (ADEM) ve Sosyal Dayan\u0131\u015fma Merkezlerinde (SODAM) sa\u011fl\u0131kl\u0131 ve bilin\u00e7li aile ili\u015fkilerinin te\u015fvik edilmesi amac\u0131yla Aile \u0130leti\u015fim At\u00f6lyeleri hayata ge\u00e7irilecek.<\/p>\n\n\n\n<p>Bu y\u0131l itibar\u0131yla 76 ilde 550 merkezle hizmet sunan ADEM ve 27 ilde faaliyet g\u00f6steren 90 SODAM arac\u0131l\u0131\u011f\u0131yla kurulacak Aile \u0130leti\u015fim At\u00f6lyelerinde bireylerin aile i\u00e7erisinde etkili ileti\u015fim becerileri kazanmas\u0131, aile i\u00e7i ba\u011flar\u0131n g\u00fc\u00e7lenmesi ve toplumsal dayan\u0131\u015fman\u0131n artmas\u0131 hedefleniyor.<\/p>\n\n\n\n<p>At\u00f6lyeler kapsam\u0131nda uzman e\u011fitmenler ve dan\u0131\u015fmanlar e\u015fli\u011finde aile i\u00e7i ileti\u015fim, empati, problem \u00e7\u00f6zme, stres y\u00f6netimi ve sa\u011fl\u0131kl\u0131 aile ili\u015fkileri gibi konularda seminerler, e\u011fitim programlar\u0131, grup \u00e7al\u0131\u015fmalar\u0131 ve yar\u0131\u015fmalar d\u00fczenlenecek. Kat\u0131l\u0131mc\u0131lar, at\u00f6lye \u00e7al\u0131\u015fmalar\u0131nda interaktif y\u00f6ntemlerle kendilerini ifade etme ve kar\u015f\u0131l\u0131kl\u0131 anlay\u0131\u015f\u0131 geli\u015ftirme f\u0131rsat\u0131 bulacak.<\/p>\n\n\n\n<p>Bu at\u00f6lyeler arac\u0131l\u0131\u011f\u0131yla, ailelerin sosyal ve psikolojik olarak daha g\u00fc\u00e7l\u00fc hale gelmesi ve toplumun temel ta\u015f\u0131 olan aile kurumunun her y\u00f6nden desteklenerek g\u00fc\u00e7lendirilmesi ama\u00e7lan\u0131yor. Bakanl\u0131k bu kapsamda aile kurumunu sosyal politikalar\u0131n merkezine alarak g\u00fc\u00e7lendirmeyi hedefliyor.<\/p>\n","protected":false},"excerpt":{"rendered":"<p>Aile ve Sosyal Hizmetler Bakanl\u0131\u011f\u0131nca, \u201cAile Y\u0131l\u0131\u201d kapsam\u0131nda Aile Destek Merkezleri (ADEM) ve Sosyal Dayan\u0131\u015fma Merkezleri (SODAM) b\u00fcnyesinde \u201cAile \u0130leti\u015fim At\u00f6lyeleri\u201d faaliyete ge\u00e7iriliyor Bakanl\u0131k, Cumhurba\u015fkan\u0131 Recep Tayyip Erdo\u011fan taraf\u0131ndan ilan edilen &#8220;Aile Y\u0131l\u0131&#8221; kapsam\u0131nda aile i\u00e7i ileti\u015fimi g\u00fc\u00e7lendirmek amac\u0131yla \u00f6nemli bir ad\u0131m at\u0131yor. 2025 y\u0131l\u0131 boyunca Aile Destek Merkezleri (ADEM) ve Sosyal Dayan\u0131\u015fma Merkezlerinde (SODAM)<\/p>\n","protected":false},"author":1,"featured_media":346,"comment_status":"open","ping_status":"open","sticky":false,"template":"","format":"standard","meta":{"footnotes":""},"categories":[2],"tags":[25],"class_list":["post-13","post","type-post","status-publish","format-standard","has-post-thumbnail","hentry","category-haberler","tag-ailenin-onemi"],"_links":{"self":[{"href":"http:\/\/www.ailesevgisi.com\/index.php\/wp-json\/wp\/v2\/posts\/13","targetHints":{"allow":["GET"]}}],"collection":[{"href":"http:\/\/www.ailesevgisi.com\/index.php\/wp-json\/wp\/v2\/posts"}],"about":[{"href":"http:\/\/www.ailesevgisi.com\/index.php\/wp-json\/wp\/v2\/types\/post"}],"author":[{"embeddable":true,"href":"http:\/\/www.ailesevgisi.com\/index.php\/wp-json\/wp\/v2\/users\/1"}],"replies":[{"embeddable":true,"href":"http:\/\/www.ailesevgisi.com\/index.php\/wp-json\/wp\/v2\/comments?post=13"}],"version-history":[{"count":2,"href":"http:\/\/www.ailesevgisi.com\/index.php\/wp-json\/wp\/v2\/posts\/13\/revisions"}],"predecessor-version":[{"id":347,"href":"http:\/\/www.ailesevgisi.com\/index.php\/wp-json\/wp\/v2\/posts\/13\/revisions\/347"}],"wp:featuredmedia":[{"embeddable":true,"href":"http:\/\/www.ailesevgisi.com\/index.php\/wp-json\/wp\/v2\/media\/346"}],"wp:attachment":[{"href":"http:\/\/www.ailesevgisi.com\/index.php\/wp-json\/wp\/v2\/media?parent=13"}],"wp:term":[{"taxonomy":"category","embeddable":true,"href":"http:\/\/www.ailesevgisi.com\/index.php\/wp-json\/wp\/v2\/categories?post=13"},{"taxonomy":"post_tag","embeddable":true,"href":"http:\/\/www.ailesevgisi.com\/index.php\/wp-json\/wp\/v2\/tags?post=13"}],"curies":[{"name":"wp","href":"https:\/\/api.w.org\/{rel}","templated":true}]}}