{"id":164,"date":"2025-01-08T06:41:19","date_gmt":"2025-01-08T06:41:19","guid":{"rendered":"https:\/\/newsmagazinexpro.kinsta.cloud\/demo\/?p=6"},"modified":"2025-11-06T08:04:37","modified_gmt":"2025-11-06T08:04:37","slug":"2025_aile_yili_anma_pulu","status":"publish","type":"post","link":"http:\/\/www.ailesevgisi.com\/index.php\/2025\/01\/08\/2025_aile_yili_anma_pulu\/","title":{"rendered":"&#8220;2025 Aile Y\u0131l\u0131&#8221; konulu anma pulu ve ilk g\u00fcn zarf\u0131 tedav\u00fcle sunuldu"},"content":{"rendered":"\n<p><strong>Aile ve Sosyal Hizmetler Bakanl\u0131\u011f\u0131n\u0131n koordinasyonunda y\u00fcr\u00fct\u00fclen 2025 Aile Y\u0131l\u0131 etkinlikleri kapsam\u0131nda PTT A\u015e taraf\u0131ndan &#8220;2025 Aile Y\u0131l\u0131&#8221; konulu anma pulu ve ilk g\u00fcn zarf\u0131 tedav\u00fcle sunuldu<\/strong>.<\/p>\n\n\n\n<p>Cumhurba\u015fkan\u0131 Recep Tayyip Erdo\u011fan&#8217;\u0131n &#8220;Aile Y\u0131l\u0131&#8221; ilan\u0131n\u0131n ard\u0131ndan Aile ve Sosyal Hizmetler Bakanl\u0131\u011f\u0131n\u0131n koordinasyonunda, aile yap\u0131s\u0131n\u0131n korunmas\u0131, g\u00fc\u00e7lendirilmesi ve gelecek nesillere sa\u011flam bir miras olarak aktar\u0131lmas\u0131 i\u00e7in devletin t\u00fcm kurumlar\u0131yla bir\u00e7ok proje hayata ge\u00e7irilmeye ba\u015fland\u0131.<\/p>\n\n\n\n<p>Bu kapsamda bakanl\u0131\u011f\u0131n giri\u015fimiyle PTT A\u015e taraf\u0131ndan &#8220;2025 Aile Y\u0131l\u0131&#8221; konulu 100 bin adet anma pulu ve 2 bin 500 adet ilk g\u00fcn zarf\u0131 tedav\u00fcle sunuldu.<\/p>\n\n\n\n<p>Anma pulu, 36&#215;52 milimetre boyutlar\u0131nda ve 29 lira bedelle, pula ait ilk g\u00fcn zarf\u0131 ise 58 lira bedelle PTT i\u015f yerlerinde ve \u015firkete ait www.filateli.gov.tr internet adresinde sat\u0131\u015f\u0131na ba\u015fland\u0131.<\/p>\n\n\n\n<p>Ayr\u0131ca, bu \u00fcr\u00fcnlerin sat\u0131\u015f\u0131 ile birlikte PTT Pul M\u00fczesi&#8217;nde &#8220;2025 Aile Y\u0131l\u0131 15.01.2025 ANKARA&#8221; ibareli ilk g\u00fcn damgas\u0131 da kullan\u0131lmaya ba\u015fland\u0131.<\/p>\n\n\n\n<p><\/p>\n","protected":false},"excerpt":{"rendered":"<p>Aile ve Sosyal Hizmetler Bakanl\u0131\u011f\u0131n\u0131n koordinasyonunda y\u00fcr\u00fct\u00fclen 2025 Aile Y\u0131l\u0131 etkinlikleri kapsam\u0131nda PTT A\u015e taraf\u0131ndan &#8220;2025 Aile Y\u0131l\u0131&#8221; konulu anma pulu ve ilk g\u00fcn zarf\u0131 tedav\u00fcle sunuldu. Cumhurba\u015fkan\u0131 Recep Tayyip Erdo\u011fan&#8217;\u0131n &#8220;Aile Y\u0131l\u0131&#8221; ilan\u0131n\u0131n ard\u0131ndan Aile ve Sosyal Hizmetler Bakanl\u0131\u011f\u0131n\u0131n koordinasyonunda, aile yap\u0131s\u0131n\u0131n korunmas\u0131, g\u00fc\u00e7lendirilmesi ve gelecek nesillere sa\u011flam bir miras olarak aktar\u0131lmas\u0131 i\u00e7in devletin<\/p>\n","protected":false},"author":1,"featured_media":340,"comment_status":"open","ping_status":"open","sticky":false,"template":"","format":"standard","meta":{"footnotes":""},"categories":[2],"tags":[25],"class_list":["post-164","post","type-post","status-publish","format-standard","has-post-thumbnail","hentry","category-haberler","tag-ailenin-onemi"],"_links":{"self":[{"href":"http:\/\/www.ailesevgisi.com\/index.php\/wp-json\/wp\/v2\/posts\/164","targetHints":{"allow":["GET"]}}],"collection":[{"href":"http:\/\/www.ailesevgisi.com\/index.php\/wp-json\/wp\/v2\/posts"}],"about":[{"href":"http:\/\/www.ailesevgisi.com\/index.php\/wp-json\/wp\/v2\/types\/post"}],"author":[{"embeddable":true,"href":"http:\/\/www.ailesevgisi.com\/index.php\/wp-json\/wp\/v2\/users\/1"}],"replies":[{"embeddable":true,"href":"http:\/\/www.ailesevgisi.com\/index.php\/wp-json\/wp\/v2\/comments?post=164"}],"version-history":[{"count":2,"href":"http:\/\/www.ailesevgisi.com\/index.php\/wp-json\/wp\/v2\/posts\/164\/revisions"}],"predecessor-version":[{"id":341,"href":"http:\/\/www.ailesevgisi.com\/index.php\/wp-json\/wp\/v2\/posts\/164\/revisions\/341"}],"wp:featuredmedia":[{"embeddable":true,"href":"http:\/\/www.ailesevgisi.com\/index.php\/wp-json\/wp\/v2\/media\/340"}],"wp:attachment":[{"href":"http:\/\/www.ailesevgisi.com\/index.php\/wp-json\/wp\/v2\/media?parent=164"}],"wp:term":[{"taxonomy":"category","embeddable":true,"href":"http:\/\/www.ailesevgisi.com\/index.php\/wp-json\/wp\/v2\/categories?post=164"},{"taxonomy":"post_tag","embeddable":true,"href":"http:\/\/www.ailesevgisi.com\/index.php\/wp-json\/wp\/v2\/tags?post=164"}],"curies":[{"name":"wp","href":"https:\/\/api.w.org\/{rel}","templated":true}]}}