{"id":202,"date":"2025-01-09T06:55:08","date_gmt":"2025-01-09T06:55:08","guid":{"rendered":"https:\/\/newsmagazinexpro.kinsta.cloud\/demo\/?p=9"},"modified":"2025-11-06T08:03:43","modified_gmt":"2025-11-06T08:03:43","slug":"cevrim-ici-aile-akademisi","status":"publish","type":"post","link":"http:\/\/www.ailesevgisi.com\/index.php\/2025\/01\/09\/cevrim-ici-aile-akademisi\/","title":{"rendered":"Bakan\u0131m\u0131z G\u00f6kta\u015f, &#8220;\u00c7evrim \u0130\u00e7i Aile Akademisi&#8221; a\u00e7\u0131l\u0131\u015f program\u0131na kat\u0131ld\u0131"},"content":{"rendered":"\n<p>Aile ve Sosyal Hizmetler Bakan\u0131m\u0131z Mahinur \u00d6zdemir G\u00f6kta\u015f, g\u00fc\u00e7l\u00fc bir gelecek i\u00e7in ihmal edilemez en \u00f6nemli de\u011ferin sa\u011fl\u0131kl\u0131 aileler oldu\u011funa i\u015faret ederek, &#8220;Bu anlamda Aile Akademisi&#8217;nin, aile yap\u0131s\u0131n\u0131 koruma, destekleme ve gelece\u011fe ta\u015f\u0131ma yolunda \u00f6nemli katk\u0131lar sunaca\u011f\u0131na inan\u0131yorum.&#8221; dedi<\/p>\n\n\n\n<p>Bakan G\u00f6kta\u015f, T\u00fcrk K\u0131z\u0131lay Genel Ba\u015fkan\u0131 Fatma Meri\u00e7 Y\u0131lmaz, Ankara \u00dcniversitesi (A\u00dc) Rekt\u00f6r\u00fc Prof. Dr. Necdet \u00dcn\u00fcvar, T\u00fcrk K\u0131z\u0131lay g\u00f6revlileri ve \u00fcniversite \u00f6\u011frencilerinin kat\u0131l\u0131m\u0131yla, A\u00dc Sa\u011fl\u0131k Bilimleri Fak\u00fcltesi&#8217;nde d\u00fczenlenen &#8220;\u00c7evrim \u0130\u00e7i Aile Akademisi&#8221; a\u00e7\u0131l\u0131\u015f program\u0131na kat\u0131ld\u0131.<\/p>\n\n\n\n<p>Buradaki konu\u015fmas\u0131nda, T\u00fcrk K\u0131z\u0131lay taraf\u0131ndan hayata ge\u00e7irilen \u00c7evrim \u0130\u00e7i Aile Akademisi&#8217;nin \u00f6nemine i\u015faret eden G\u00f6kta\u015f, T\u00fcrk K\u0131z\u0131lay&#8217;\u0131n, \u00f6nemli bir misyonu \u00fcstlenerek &#8220;Aile Y\u0131l\u0131&#8221;nda de\u011ferli bir ad\u0131m att\u0131\u011f\u0131n\u0131 s\u00f6yledi.<\/p>\n\n\n\n<p>T\u00fcrk K\u0131z\u0131lay&#8217;\u0131n, kuruldu\u011fu g\u00fcnden bug\u00fcne millet i\u00e7in b\u00fcy\u00fck vazifeler \u00fcstlendi\u011fine, her daim zor zamanlarda milletin yard\u0131m\u0131na ko\u015ftu\u011funa, yaralar\u0131 sard\u0131\u011f\u0131na ve ihtiya\u00e7 sahiplerine uzanan bir &#8220;merhamet eli&#8221; oldu\u011funa dikkati \u00e7eken G\u00f6kta\u015f, T\u00fcrk K\u0131z\u0131lay&#8217;\u0131n akademinin ba\u015flat\u0131lmas\u0131na \u00f6nc\u00fcl\u00fck etmesini b\u00fcy\u00fck bir mutlulukla kar\u015f\u0131lad\u0131klar\u0131n\u0131 ifade etti.<\/p>\n\n\n\n<p>Bakan G\u00f6kta\u015f, &#8220;Aile, bizi biz yapan, bir ve beraber k\u0131lan de\u011ferlerimizin ye\u015ferdi\u011fi toprakt\u0131r. Gelece\u011fimize \u0131\u015f\u0131k tutan aileler, \u00fclkemizin ve milletimizin huzur, g\u00fcven ve istikrar kayna\u011f\u0131d\u0131r. G\u00fc\u00e7l\u00fc bir gelecek i\u00e7in ihmal edilemez en \u00f6nemli de\u011fer sa\u011fl\u0131kl\u0131 ailelerdir. Bu anlamda Aile Akademisi&#8217;nin, aile yap\u0131s\u0131n\u0131 koruma, destekleme ve gelece\u011fe ta\u015f\u0131ma yolunda \u00f6nemli katk\u0131lar sunaca\u011f\u0131na inan\u0131yorum.&#8221; diye konu\u015ftu.<\/p>\n\n\n\n<p><strong>&#8220;Aileyi her y\u00f6n\u00fcyle desteklemeye devam ediyoruz&#8221;<\/strong><\/p>\n\n\n\n<p>Akademiyle kalplere dokunan sevgi ve dayan\u0131\u015fma iklimini b\u00fcy\u00fcten k\u0131ymetli ad\u0131mlar at\u0131laca\u011f\u0131n\u0131 dile getiren G\u00f6kta\u015f, \u015f\u00f6yle devam etti:<\/p>\n\n\n\n<p>&#8220;Her bir ad\u0131m, ailelerimizin, toplumumuzun ve \u00fclkemizin yar\u0131nlar\u0131n\u0131 g\u00fc\u00e7l\u00fc k\u0131lacak. Biliyoruz ki gelecek bilgili, bilin\u00e7li, merhametli ailelerin, sizlerin ellerinde y\u00fckselecek. Say\u0131n Cumhurba\u015fkan\u0131&#8217;m\u0131z\u0131n da dile getirdi\u011fi gibi &#8216;Aile, toplumun \u00e7elik \u00e7ekirde\u011fi, \u00f6z\u00fc, n\u00fcvesi, g\u00fc\u00e7 kayna\u011f\u0131d\u0131r.&#8217; Bu anlay\u0131\u015fla, her zaman \u00f6nemli sorumluluk alanlar\u0131m\u0131zdan birini ailenin korunmas\u0131 ve g\u00fc\u00e7lendirilmesi olarak g\u00f6rd\u00fck. Say\u0131n Cumhurba\u015fkan\u0131&#8217;m\u0131z\u0131n takdirleriyle 2025 y\u0131l\u0131n\u0131 &#8216;Aile Y\u0131l\u0131&#8217; ilan ettik. Aile Y\u0131l\u0131 kapsam\u0131nda pek \u00e7ok \u00f6zel \u00e7al\u0131\u015fma ba\u015flatt\u0131k. Bu kapsamda kad\u0131n, \u00e7ocuk, ya\u015fl\u0131 ba\u015fta olmak \u00fczere t\u00fcm aile bireylerinin ihtiya\u00e7lar\u0131n\u0131 g\u00f6zeten sosyal politikalarla aileyi her y\u00f6n\u00fcyle desteklemeye devam ediyoruz.&#8221;<\/p>\n\n\n\n<p>G\u00f6kta\u015f, ebeveynlere rehberlik etmek, ya\u015fl\u0131lar\u0131n bilgi ve tecr\u00fcbelerinden istifade etmek i\u00e7in programlar\u0131n\u0131 yayg\u0131nla\u015ft\u0131rd\u0131klar\u0131n\u0131, ekonomi, k\u00fclt\u00fcr, sanat, sa\u011fl\u0131k ve ula\u015f\u0131m ba\u015fta olmak \u00fczere her konuda ailelerin yan\u0131nda olmaya gayret ettiklerini s\u00f6yledi.<\/p>\n\n\n\n<p><strong>&#8220;Dijital medya kulland\u0131\u011f\u0131m\u0131z ortamlarda aile i\u00e7i ileti\u015fimimiz zay\u0131fl\u0131yor&#8221;<\/strong><\/p>\n\n\n\n<p>Bakan G\u00f6kta\u015f, yap\u0131lan \u00e7al\u0131\u015fmalar\u0131 bilimsel bir zemin \u00fczerinde haz\u0131rlad\u0131klar\u0131n\u0131n ve uygulad\u0131klar\u0131n\u0131n alt\u0131n\u0131 \u00e7izerek \u015funlar\u0131 ifade etti:<\/p>\n\n\n\n<p>&#8220;Bu kapsamda Bakanl\u0131k olarak, bir\u00e7ok ara\u015ft\u0131rma y\u00fcr\u00fct\u00fcyoruz. Aile Dan\u0131\u015fmanl\u0131\u011f\u0131 Hizmet Modeli Geli\u015ftirme Projesi bu \u00e7al\u0131\u015fmalardan yaln\u0131zca birisidir. Bu \u00e7al\u0131\u015fmalarda elde etti\u011fimiz \u00e7\u0131kt\u0131larla aile dan\u0131\u015fmanl\u0131\u011f\u0131 hizmetimizin daha etkin, profesyonel ve s\u00fcrd\u00fcr\u00fclebilir bir \u015fekilde y\u00fcr\u00fct\u00fclmesini sa\u011flad\u0131k. Di\u011fer taraftan, medya ve dijital mecralar\u0131n aile \u00fczerinde b\u0131rakt\u0131\u011f\u0131 olumsuz etkileri hepimiz biliyoruz. Dijital medya kulland\u0131\u011f\u0131m\u0131z ortamlarda hakikaten aile i\u00e7i ileti\u015fimimiz olduk\u00e7a zay\u0131fl\u0131yor.<\/p>\n\n\n\n<p>Herkes dijital mecrada buldu\u011fu ortamlarda daha fazla vakit ge\u00e7irirken ailesiyle daha az zaman ge\u00e7iriyor. Bu ara\u015ft\u0131rma projemizde de dijitalle\u015fmenin aile i\u00e7i ileti\u015fim \u00fczerindeki etkilerini t\u00fcm y\u00f6nleriyle de\u011ferlendirdik. Ailelerin dijital d\u00f6n\u00fc\u015f\u00fcme verdikleri tepkileri, bu s\u00fcre\u00e7te kar\u015f\u0131la\u015ft\u0131klar\u0131 f\u0131rsatlar\u0131, tehditleri ve riskleri bilimsel verilerle ortaya koyduk. Medya ve dijitalle\u015fmenin olu\u015fturdu\u011fu sorun alanlar\u0131n\u0131 tespit ettik. Bu ara\u015ft\u0131ramadan elde etti\u011fimiz sonu\u00e7lar, sosyal hizmetlerimize rehberlik edecek \u00f6nemli bir kaynak olu\u015fturacak.&#8221;<\/p>\n\n\n\n<p><strong>Annelik, babal\u0131k ve \u00e7ocuk sahibi olma konusunda yakla\u015f\u0131mlar de\u011fi\u015fti<\/strong><\/p>\n\n\n\n<p>&#8220;Do\u011furganl\u0131k, Annelik ve Babal\u0131k Fikrine \u0130li\u015fkin De\u011fi\u015fimin \u0130ncelenmesi Ara\u015ft\u0131rmas\u0131&#8221;n\u0131 yapt\u0131klar\u0131n\u0131 s\u00f6yleyen G\u00f6kta\u015f, &#8220;Bu ara\u015ft\u0131rma, \u00fclkemizde annelik, babal\u0131k ve \u00e7ocuk sahibi olma konusunda yakla\u015f\u0131mlar\u0131n de\u011fi\u015fti\u011fini bizlere g\u00f6sterdi. \u00d6zellikle \u00e7ocuk sahibi olma e\u011filimlerinde 2 \u00e7ocuk yeterli normundan tek \u00e7ocu\u011fa, tek \u00e7ocuktan \u00e7ocuksuz evliliklere ge\u00e7i\u015fin oldu\u011funu g\u00f6zlemledik. T\u00fcm bu ara\u015ft\u0131rmalarla sosyal politikalar\u0131m\u0131z\u0131, vatanda\u015flar\u0131m\u0131z\u0131n taleplerine ve g\u00fcn\u00fcm\u00fcz\u00fcn ihtiya\u00e7lar\u0131na g\u00f6re daha g\u00fc\u00e7l\u00fc hale getirece\u011fiz. Aile Y\u0131l\u0131 kapsam\u0131nda, her ya\u015ftan bireye dokunan \u00e7al\u0131\u015fmalar y\u00fcr\u00fctmeye devam edece\u011fiz.&#8221; dedi.<\/p>\n\n\n\n<p>G\u00fc\u00e7l\u00fc bir toplumun temellerinin, g\u00fc\u00e7l\u00fc ve sa\u011fl\u0131kl\u0131 ailelerden olu\u015ftu\u011funu ifade eden G\u00f6kta\u015f, Aile Akademisi ile sa\u011fl\u0131kl\u0131 aileleri g\u00fc\u00e7lendirerek bilgi ve bilin\u00e7 d\u00fczeyini art\u0131rmay\u0131, ebeveynlere rehberlik etmeyi ve toplumsal dayan\u0131\u015fmay\u0131 daha da peki\u015ftirmeyi \u00f6ng\u00f6rd\u00fcklerini dile getirdi.<\/p>\n\n\n\n<p>Konu\u015fmalar\u0131n ard\u0131ndan Bakan G\u00f6kta\u015f ve beraberindeki heyet, Ankara \u00dcniversitesi Sa\u011fl\u0131k Bilimleri Fak\u00fcltesi \u00f6\u011frencilerinin ve T\u00fcrk K\u0131z\u0131lay g\u00f6n\u00fcll\u00fclerinin yapt\u0131\u011f\u0131 el eme\u011fi \u00fcr\u00fcnleri inceledi.<\/p>\n\n\n\n<p>Bakan G\u00f6kta\u015f, \u00f6\u011frencilerin haz\u0131rlad\u0131\u011f\u0131 &#8220;Aile sizin i\u00e7in ne anlam ifade ediyor?&#8221; ba\u015fl\u0131kl\u0131 pankarta da &#8220;Sevgi, huzur, g\u00fcvenli liman&#8221; kelimelerini yazd\u0131.<\/p>\n","protected":false},"excerpt":{"rendered":"<p>Aile ve Sosyal Hizmetler Bakan\u0131m\u0131z Mahinur \u00d6zdemir G\u00f6kta\u015f, g\u00fc\u00e7l\u00fc bir gelecek i\u00e7in ihmal edilemez en \u00f6nemli de\u011ferin sa\u011fl\u0131kl\u0131 aileler oldu\u011funa i\u015faret ederek, &#8220;Bu anlamda Aile Akademisi&#8217;nin, aile yap\u0131s\u0131n\u0131 koruma, destekleme ve gelece\u011fe ta\u015f\u0131ma yolunda \u00f6nemli katk\u0131lar sunaca\u011f\u0131na inan\u0131yorum.&#8221; dedi Bakan G\u00f6kta\u015f, T\u00fcrk K\u0131z\u0131lay Genel Ba\u015fkan\u0131 Fatma Meri\u00e7 Y\u0131lmaz, Ankara \u00dcniversitesi (A\u00dc) Rekt\u00f6r\u00fc Prof. Dr. Necdet<\/p>\n","protected":false},"author":1,"featured_media":373,"comment_status":"open","ping_status":"open","sticky":false,"template":"","format":"standard","meta":{"footnotes":""},"categories":[2],"tags":[25],"class_list":["post-202","post","type-post","status-publish","format-standard","has-post-thumbnail","hentry","category-haberler","tag-ailenin-onemi"],"_links":{"self":[{"href":"http:\/\/www.ailesevgisi.com\/index.php\/wp-json\/wp\/v2\/posts\/202","targetHints":{"allow":["GET"]}}],"collection":[{"href":"http:\/\/www.ailesevgisi.com\/index.php\/wp-json\/wp\/v2\/posts"}],"about":[{"href":"http:\/\/www.ailesevgisi.com\/index.php\/wp-json\/wp\/v2\/types\/post"}],"author":[{"embeddable":true,"href":"http:\/\/www.ailesevgisi.com\/index.php\/wp-json\/wp\/v2\/users\/1"}],"replies":[{"embeddable":true,"href":"http:\/\/www.ailesevgisi.com\/index.php\/wp-json\/wp\/v2\/comments?post=202"}],"version-history":[{"count":1,"href":"http:\/\/www.ailesevgisi.com\/index.php\/wp-json\/wp\/v2\/posts\/202\/revisions"}],"predecessor-version":[{"id":374,"href":"http:\/\/www.ailesevgisi.com\/index.php\/wp-json\/wp\/v2\/posts\/202\/revisions\/374"}],"wp:featuredmedia":[{"embeddable":true,"href":"http:\/\/www.ailesevgisi.com\/index.php\/wp-json\/wp\/v2\/media\/373"}],"wp:attachment":[{"href":"http:\/\/www.ailesevgisi.com\/index.php\/wp-json\/wp\/v2\/media?parent=202"}],"wp:term":[{"taxonomy":"category","embeddable":true,"href":"http:\/\/www.ailesevgisi.com\/index.php\/wp-json\/wp\/v2\/categories?post=202"},{"taxonomy":"post_tag","embeddable":true,"href":"http:\/\/www.ailesevgisi.com\/index.php\/wp-json\/wp\/v2\/tags?post=202"}],"curies":[{"name":"wp","href":"https:\/\/api.w.org\/{rel}","templated":true}]}}