{"id":23,"date":"2025-01-08T06:44:25","date_gmt":"2025-01-08T06:44:25","guid":{"rendered":"https:\/\/newsmagazinexpro.kinsta.cloud\/demo\/?p=23"},"modified":"2025-11-06T08:04:16","modified_gmt":"2025-11-06T08:04:16","slug":"sinema-yuzde-40-indirim","status":"publish","type":"post","link":"http:\/\/www.ailesevgisi.com\/index.php\/2025\/01\/08\/sinema-yuzde-40-indirim\/","title":{"rendered":"Bakan\u0131m\u0131z G\u00f6kta\u015f: Aile Y\u0131l\u0131\u2019nda aileler sinemalarda filmleri y\u00fczde 40 indirimli izleyecek"},"content":{"rendered":"\n<p>Bakan G\u00f6kta\u015f, yapt\u0131\u011f\u0131 a\u00e7\u0131klamada, toplumsal yap\u0131n\u0131n temeli olan ailenin \u00f6nemine vurgu yaparak, Aile Y\u0131l\u0131\u2019nda \u00e7e\u015fitli desteklerle ailelerin yan\u0131nda olduklar\u0131n\u0131 ifade etti.<\/p>\n\n\n\n<p>Ailenin, gelece\u011fi in\u015fa eden en de\u011ferli kurum oldu\u011funa dikkati \u00e7eken Bakan G\u00f6kta\u015f, K\u00fclt\u00fcr ve Turizm Bakanl\u0131\u011f\u0131 i\u015f birli\u011finde ger\u00e7ekle\u015ftirilen proje kapsam\u0131nda, 2025 y\u0131l\u0131 boyunca Sinema Salonu Yat\u0131r\u0131mc\u0131lar\u0131 Derne\u011fi (S\u0130SAY) \u00fcyesi sinema salonlar\u0131nda pazartesi ve \u00e7ar\u015famba g\u00fcnleri ailelere y\u00fczde 40\u2019a varan indirim uygulanaca\u011f\u0131n\u0131 kaydetti.<\/p>\n\n\n\n<p>Aile Y\u0131l\u0131 boyunca ailelerin, kendileri i\u00e7in haz\u0131rlanan aktivitelerden yararlanarak sosyal hayat\u0131n i\u00e7inde yer almalar\u0131n\u0131 \u00f6nemsediklerini ifade eden Bakan G\u00f6kta\u015f, \u201cAile bireylerinin birlikte vakit ge\u00e7irerek dayan\u0131\u015fma ruhlar\u0131n\u0131 canl\u0131 tutmak, bu sayede ku\u015faklar aras\u0131 ba\u011flar\u0131 g\u00fc\u00e7lendirmek i\u00e7in y\u00fcr\u00fctt\u00fc\u011f\u00fcm\u00fcz faaliyetlerimiz artarak devam edecek\u201d dedi.<\/p>\n\n\n\n<p>K\u00fclt\u00fcr ve Turizm Bakanl\u0131\u011f\u0131 ile S\u0130SAY\u2019a Aile Y\u0131l\u0131\u2019na g\u00f6sterdikleri hassasiyetten dolay\u0131 te\u015fekk\u00fcrlerini ileten Bakan G\u00f6kta\u015f, aileleri sinemalarda y\u00fczde 40\u2019a varan halk g\u00fcn\u00fc indirimlerinden yararlanmaya davet etti.<\/p>\n","protected":false},"excerpt":{"rendered":"<p>Bakan G\u00f6kta\u015f, yapt\u0131\u011f\u0131 a\u00e7\u0131klamada, toplumsal yap\u0131n\u0131n temeli olan ailenin \u00f6nemine vurgu yaparak, Aile Y\u0131l\u0131\u2019nda \u00e7e\u015fitli desteklerle ailelerin yan\u0131nda olduklar\u0131n\u0131 ifade etti. Ailenin, gelece\u011fi in\u015fa eden en de\u011ferli kurum oldu\u011funa dikkati \u00e7eken Bakan G\u00f6kta\u015f, K\u00fclt\u00fcr ve Turizm Bakanl\u0131\u011f\u0131 i\u015f birli\u011finde ger\u00e7ekle\u015ftirilen proje kapsam\u0131nda, 2025 y\u0131l\u0131 boyunca Sinema Salonu Yat\u0131r\u0131mc\u0131lar\u0131 Derne\u011fi (S\u0130SAY) \u00fcyesi sinema salonlar\u0131nda pazartesi ve<\/p>\n","protected":false},"author":1,"featured_media":357,"comment_status":"open","ping_status":"open","sticky":false,"template":"","format":"standard","meta":{"footnotes":""},"categories":[2],"tags":[25],"class_list":["post-23","post","type-post","status-publish","format-standard","has-post-thumbnail","hentry","category-haberler","tag-ailenin-onemi"],"_links":{"self":[{"href":"http:\/\/www.ailesevgisi.com\/index.php\/wp-json\/wp\/v2\/posts\/23","targetHints":{"allow":["GET"]}}],"collection":[{"href":"http:\/\/www.ailesevgisi.com\/index.php\/wp-json\/wp\/v2\/posts"}],"about":[{"href":"http:\/\/www.ailesevgisi.com\/index.php\/wp-json\/wp\/v2\/types\/post"}],"author":[{"embeddable":true,"href":"http:\/\/www.ailesevgisi.com\/index.php\/wp-json\/wp\/v2\/users\/1"}],"replies":[{"embeddable":true,"href":"http:\/\/www.ailesevgisi.com\/index.php\/wp-json\/wp\/v2\/comments?post=23"}],"version-history":[{"count":2,"href":"http:\/\/www.ailesevgisi.com\/index.php\/wp-json\/wp\/v2\/posts\/23\/revisions"}],"predecessor-version":[{"id":358,"href":"http:\/\/www.ailesevgisi.com\/index.php\/wp-json\/wp\/v2\/posts\/23\/revisions\/358"}],"wp:featuredmedia":[{"embeddable":true,"href":"http:\/\/www.ailesevgisi.com\/index.php\/wp-json\/wp\/v2\/media\/357"}],"wp:attachment":[{"href":"http:\/\/www.ailesevgisi.com\/index.php\/wp-json\/wp\/v2\/media?parent=23"}],"wp:term":[{"taxonomy":"category","embeddable":true,"href":"http:\/\/www.ailesevgisi.com\/index.php\/wp-json\/wp\/v2\/categories?post=23"},{"taxonomy":"post_tag","embeddable":true,"href":"http:\/\/www.ailesevgisi.com\/index.php\/wp-json\/wp\/v2\/tags?post=23"}],"curies":[{"name":"wp","href":"https:\/\/api.w.org\/{rel}","templated":true}]}}