{"id":413,"date":"2025-12-04T06:12:06","date_gmt":"2025-12-04T06:12:06","guid":{"rendered":"http:\/\/www.ailesevgisi.com\/?p=413"},"modified":"2025-12-04T08:46:13","modified_gmt":"2025-12-04T08:46:13","slug":"nedret-demirden-aile-siiri","status":"publish","type":"post","link":"http:\/\/www.ailesevgisi.com\/index.php\/2025\/12\/04\/nedret-demirden-aile-siiri\/","title":{"rendered":"Nedret Demir&#8217;den &#8220;Aile&#8221; \u015eiiri"},"content":{"rendered":"\n<p>T.C. \u0130\u00e7i\u015fleri Bakanl\u0131\u011f\u0131 Sivil Toplumla \u0130li\u015fkiler Genel M\u00fcd\u00fcrl\u00fc\u011f\u00fc Proje Destek Sistemi (PRODES) kapsam\u0131nda desteklenmeye hak kazanan, Avrasya Gazeteciler Derne\u011fi\u2019nin y\u00fcr\u00fct\u00fcc\u00fcl\u00fc\u011f\u00fcn\u00fc \u00fcstlendi\u011fi ve \u0130lim K\u00fclt\u00fcr Tarih ve Teknoloji Ara\u015ft\u0131rma Merkezi K\u00fct\u00fcphanesi payda\u015fl\u0131\u011f\u0131nda ger\u00e7ekle\u015ftirilecek olan &#8220;Ailenin \u00d6nemi ve Ba\u011f\u0131ml\u0131l\u0131kla M\u00fccadele: Sa\u011fl\u0131kl\u0131 Bir Gelecek \u0130\u00e7in El Ele&#8221; ba\u015fl\u0131kl\u0131 projesi kapsam\u0131nda planlanan ve gen\u00e7lerin ba\u011f\u0131ml\u0131l\u0131kla m\u00fccadele fark\u0131ndal\u0131\u011f\u0131n\u0131 art\u0131rmay\u0131 hedefleyen temel faaliyetlerden biri olan, \u00f6\u011frencilere ve gen\u00e7lere y\u00f6nelik &#8220;Ba\u011f\u0131ml\u0131l\u0131kla M\u00fccadelede Aile Sevgisinin \u00d6nemi&#8221;ni vurgulamak i\u00e7in \u015fair, yazar ve besteci Nedret Demir, \u201cA\u0130LE\u201d adl\u0131 bir \u015fiir yazd\u0131 ve bu \u015fiirini yapaz zeka yard\u0131m\u0131yla besteledi.<br><\/p>\n\n\n\n<p>A\u0130LE<\/p>\n\n\n\n<p>Kurulur o sevgiyle, korunmal\u0131d\u0131r \u00f6zenle<br>Gelece\u011fe g\u00fcvende, temel elbet aile<br>Sab\u0131r, sevgi, destekle, olmal\u0131 hep el ele<br>G\u00fczel bir d\u00fcnya i\u00e7in, en de\u011ferli aile<\/p>\n\n\n\n<p>F\u0131rt\u0131nal\u0131 g\u00fcnlerde, sa\u011flam liman aile<br>En masumca haliyle, sarar seni aile<br>Onlar verir el ele, \u015ferle eder m\u00fccadele<br>S\u0131n\u0131rs\u0131z bir sevgiyle, ba\u011fl\u0131d\u0131r bak aile<\/p>\n\n\n\n<p>Kavgas\u0131 var \u015firretle, hudutsuz bir destekle<br>Zalimlere k\u00f6stekle, hep seninle aile<br>Ko\u015fulsuz sevgi ile, f\u0131rsat vermez rezile<br>Huzura o vesile, en de\u011ferli \u015fey aile<\/p>\n\n\n\n<p>Kar\u015f\u0131 koyar her engele, birliktedir m\u00fccadele<br>Onda biter her mesele, kenetlenir aile<br>\u00c7ocu\u011fa \u015fefkat ile, b\u00fcy\u00fc\u011fe de h\u00fcrmetle<br>Hep beraber el ele, \u00e7ok g\u00fczeldir aile<\/p>\n\n\n\n<p>Ne yapsalar nafile, y\u0131k\u0131lmaz ki bu kale<br>Mutlulu\u011fa vesile, sevgi dolu aile<br>Huzura o vesile, k\u0131ymetlidir aile<br>Hep \u00f6nemli aile, hep yan\u0131nda aile<br>Hep seninle aile, en \u00f6nemli aile<\/p>\n\n\n\n<p>Unutma sak\u0131n!<br>Her t\u00fcrl\u00fc madde ba\u011f\u0131ml\u0131l\u0131\u011f\u0131<br>Al\u0131r g\u00f6t\u00fcr\u00fcr bizden sa\u011fl\u0131\u011f\u0131<br>Kopar\u0131p gider ailede ba\u011fl\u0131l\u0131\u011f\u0131<br>Var eder toplumda \u00e7aresiz hastal\u0131\u011f\u0131<br>O halde;<br>Ba\u011f\u0131ml\u0131l\u0131ktan kurtulu\u015f re\u00e7eten belli<br>Art\u0131r ailende ba\u011fl\u0131l\u0131\u011f\u0131<br>Bitir her t\u00fcrl\u00fc maddeye ba\u011f\u0131ml\u0131l\u0131\u011f\u0131<\/p>\n\n\n\n<p>Yazar: Nedret Demir<br>Gebze: 03 Aral\u0131k 2025<\/p>\n\n\n\n<div style=\"height:30px\" aria-hidden=\"true\" class=\"wp-block-spacer\"><\/div>\n\n\n\n<figure class=\"wp-block-audio\"><audio controls src=\"http:\/\/www.ailesevgisi.com\/wp-content\/uploads\/2025\/12\/AUDIO-2025-12-04-06-09-44.mp3\"><\/audio><\/figure>\n","protected":false},"excerpt":{"rendered":"<p>T.C. \u0130\u00e7i\u015fleri Bakanl\u0131\u011f\u0131 Sivil Toplumla \u0130li\u015fkiler Genel M\u00fcd\u00fcrl\u00fc\u011f\u00fc Proje Destek Sistemi (PRODES) kapsam\u0131nda desteklenmeye hak kazanan, Avrasya Gazeteciler Derne\u011fi\u2019nin y\u00fcr\u00fct\u00fcc\u00fcl\u00fc\u011f\u00fcn\u00fc \u00fcstlendi\u011fi ve \u0130lim K\u00fclt\u00fcr Tarih ve Teknoloji Ara\u015ft\u0131rma Merkezi K\u00fct\u00fcphanesi payda\u015fl\u0131\u011f\u0131nda ger\u00e7ekle\u015ftirilecek olan &#8220;Ailenin \u00d6nemi ve Ba\u011f\u0131ml\u0131l\u0131kla M\u00fccadele: Sa\u011fl\u0131kl\u0131 Bir Gelecek \u0130\u00e7in El Ele&#8221; ba\u015fl\u0131kl\u0131 projesi kapsam\u0131nda planlanan ve gen\u00e7lerin ba\u011f\u0131ml\u0131l\u0131kla m\u00fccadele fark\u0131ndal\u0131\u011f\u0131n\u0131 art\u0131rmay\u0131 hedefleyen<\/p>\n","protected":false},"author":1,"featured_media":415,"comment_status":"open","ping_status":"open","sticky":false,"template":"","format":"standard","meta":{"footnotes":""},"categories":[3],"tags":[25],"class_list":["post-413","post","type-post","status-publish","format-standard","has-post-thumbnail","hentry","category-ailenin_onemi","tag-ailenin-onemi"],"_links":{"self":[{"href":"http:\/\/www.ailesevgisi.com\/index.php\/wp-json\/wp\/v2\/posts\/413","targetHints":{"allow":["GET"]}}],"collection":[{"href":"http:\/\/www.ailesevgisi.com\/index.php\/wp-json\/wp\/v2\/posts"}],"about":[{"href":"http:\/\/www.ailesevgisi.com\/index.php\/wp-json\/wp\/v2\/types\/post"}],"author":[{"embeddable":true,"href":"http:\/\/www.ailesevgisi.com\/index.php\/wp-json\/wp\/v2\/users\/1"}],"replies":[{"embeddable":true,"href":"http:\/\/www.ailesevgisi.com\/index.php\/wp-json\/wp\/v2\/comments?post=413"}],"version-history":[{"count":1,"href":"http:\/\/www.ailesevgisi.com\/index.php\/wp-json\/wp\/v2\/posts\/413\/revisions"}],"predecessor-version":[{"id":416,"href":"http:\/\/www.ailesevgisi.com\/index.php\/wp-json\/wp\/v2\/posts\/413\/revisions\/416"}],"wp:featuredmedia":[{"embeddable":true,"href":"http:\/\/www.ailesevgisi.com\/index.php\/wp-json\/wp\/v2\/media\/415"}],"wp:attachment":[{"href":"http:\/\/www.ailesevgisi.com\/index.php\/wp-json\/wp\/v2\/media?parent=413"}],"wp:term":[{"taxonomy":"category","embeddable":true,"href":"http:\/\/www.ailesevgisi.com\/index.php\/wp-json\/wp\/v2\/categories?post=413"},{"taxonomy":"post_tag","embeddable":true,"href":"http:\/\/www.ailesevgisi.com\/index.php\/wp-json\/wp\/v2\/tags?post=413"}],"curies":[{"name":"wp","href":"https:\/\/api.w.org\/{rel}","templated":true}]}}