{"id":434,"date":"2025-12-04T12:47:49","date_gmt":"2025-12-04T12:47:49","guid":{"rendered":"https:\/\/www.ailesevgisi.com\/?p=434"},"modified":"2025-12-04T12:47:50","modified_gmt":"2025-12-04T12:47:50","slug":"tutun-bagimliligi-kamu-spotu","status":"publish","type":"post","link":"http:\/\/www.ailesevgisi.com\/index.php\/2025\/12\/04\/tutun-bagimliligi-kamu-spotu\/","title":{"rendered":"T\u00dcT\u00dcN Ba\u011f\u0131ml\u0131l\u0131\u011f\u0131 &#8211; Kamu Spotu"},"content":{"rendered":"\n<p>T.C. \u0130\u00e7i\u015fleri Bakanl\u0131\u011f\u0131 Sivil Toplumla \u0130li\u015fkiler Genel M\u00fcd\u00fcrl\u00fc\u011f\u00fc Proje Destek Sistemi (PRODES) kapsam\u0131nda desteklenmeye hak kazanan, Avrasya Gazeteciler Derne\u011fi\u2019nin y\u00fcr\u00fct\u00fcc\u00fcl\u00fc\u011f\u00fcn\u00fc \u00fcstlendi\u011fi ve \u0130lim K\u00fclt\u00fcr Tarih ve Teknoloji Ara\u015ft\u0131rma Merkezi K\u00fct\u00fcphanesi payda\u015fl\u0131\u011f\u0131nda ger\u00e7ekle\u015ftirilecek olan \u201cAilenin \u00d6nemi ve Ba\u011f\u0131ml\u0131l\u0131kla M\u00fccadele: Sa\u011fl\u0131kl\u0131 Bir Gelecek \u0130\u00e7in El Ele\u201d ba\u015fl\u0131kl\u0131 projesi kapsam\u0131nda\u00a0t\u00fct\u00fcn ba\u011f\u0131ml\u0131l\u0131\u011f\u0131 konusunda halk\u0131m\u0131z\u0131 bilin\u00e7lendirmek i\u00e7in bir kamu spotu haz\u0131rlad\u0131k.<\/p>\n\n\n\n<p>Kamu spotunda, t\u00fct\u00fcn ba\u011f\u0131ml\u0131l\u0131\u011f\u0131n\u0131n yol a\u00e7t\u0131\u011f\u0131 sa\u011fl\u0131k sorunlar\u0131n\u0131n yan\u0131 s\u0131ra, aile i\u00e7i ileti\u015fim kopukluklar\u0131 ve sosyal izolasyon gibi psikolojik etkiler de i\u015fleniyor. Hedef, hem ba\u011f\u0131ml\u0131l\u0131kla m\u00fccadele eden bireylere umut vermek hem de aileleri bu konuda daha bilin\u00e7li ve destekleyici olmaya te\u015fvik etmek. Spotun, geni\u015f kitlelere ula\u015farak fark\u0131ndal\u0131\u011f\u0131 art\u0131rmas\u0131 ve sigaray\u0131 b\u0131rakma karar\u0131 alanlara ilham vermesi bekleniyor.<\/p>\n\n\n\n<figure class=\"wp-block-embed is-type-video is-provider-youtube wp-block-embed-youtube wp-embed-aspect-16-9 wp-has-aspect-ratio\"><div class=\"wp-block-embed__wrapper\">\n<iframe loading=\"lazy\" title=\"T\u00dcT\u00dcN - Kamu Spotu (Ailenin \u00d6nemi ve Ba\u011f\u0131ml\u0131l\u0131kla M\u00fccadele Projesi)\" width=\"960\" height=\"540\" src=\"https:\/\/www.youtube.com\/embed\/2F9jZ1rX1mQ?feature=oembed\" frameborder=\"0\" allow=\"accelerometer; autoplay; clipboard-write; encrypted-media; gyroscope; picture-in-picture; web-share\" referrerpolicy=\"strict-origin-when-cross-origin\" allowfullscreen><\/iframe>\n<\/div><\/figure>\n","protected":false},"excerpt":{"rendered":"<p>T.C. \u0130\u00e7i\u015fleri Bakanl\u0131\u011f\u0131 Sivil Toplumla \u0130li\u015fkiler Genel M\u00fcd\u00fcrl\u00fc\u011f\u00fc Proje Destek Sistemi (PRODES) kapsam\u0131nda desteklenmeye hak kazanan, Avrasya Gazeteciler Derne\u011fi\u2019nin y\u00fcr\u00fct\u00fcc\u00fcl\u00fc\u011f\u00fcn\u00fc \u00fcstlendi\u011fi ve \u0130lim K\u00fclt\u00fcr Tarih ve Teknoloji Ara\u015ft\u0131rma Merkezi K\u00fct\u00fcphanesi payda\u015fl\u0131\u011f\u0131nda ger\u00e7ekle\u015ftirilecek olan \u201cAilenin \u00d6nemi ve Ba\u011f\u0131ml\u0131l\u0131kla M\u00fccadele: Sa\u011fl\u0131kl\u0131 Bir Gelecek \u0130\u00e7in El Ele\u201d ba\u015fl\u0131kl\u0131 projesi kapsam\u0131nda\u00a0t\u00fct\u00fcn ba\u011f\u0131ml\u0131l\u0131\u011f\u0131 konusunda halk\u0131m\u0131z\u0131 bilin\u00e7lendirmek i\u00e7in bir kamu spotu<\/p>\n","protected":false},"author":1,"featured_media":435,"comment_status":"open","ping_status":"open","sticky":false,"template":"","format":"standard","meta":{"footnotes":""},"categories":[4,5],"tags":[],"class_list":["post-434","post","type-post","status-publish","format-standard","has-post-thumbnail","hentry","category-bagimlilikla_mucadele","category-videolar"],"_links":{"self":[{"href":"http:\/\/www.ailesevgisi.com\/index.php\/wp-json\/wp\/v2\/posts\/434","targetHints":{"allow":["GET"]}}],"collection":[{"href":"http:\/\/www.ailesevgisi.com\/index.php\/wp-json\/wp\/v2\/posts"}],"about":[{"href":"http:\/\/www.ailesevgisi.com\/index.php\/wp-json\/wp\/v2\/types\/post"}],"author":[{"embeddable":true,"href":"http:\/\/www.ailesevgisi.com\/index.php\/wp-json\/wp\/v2\/users\/1"}],"replies":[{"embeddable":true,"href":"http:\/\/www.ailesevgisi.com\/index.php\/wp-json\/wp\/v2\/comments?post=434"}],"version-history":[{"count":1,"href":"http:\/\/www.ailesevgisi.com\/index.php\/wp-json\/wp\/v2\/posts\/434\/revisions"}],"predecessor-version":[{"id":436,"href":"http:\/\/www.ailesevgisi.com\/index.php\/wp-json\/wp\/v2\/posts\/434\/revisions\/436"}],"wp:featuredmedia":[{"embeddable":true,"href":"http:\/\/www.ailesevgisi.com\/index.php\/wp-json\/wp\/v2\/media\/435"}],"wp:attachment":[{"href":"http:\/\/www.ailesevgisi.com\/index.php\/wp-json\/wp\/v2\/media?parent=434"}],"wp:term":[{"taxonomy":"category","embeddable":true,"href":"http:\/\/www.ailesevgisi.com\/index.php\/wp-json\/wp\/v2\/categories?post=434"},{"taxonomy":"post_tag","embeddable":true,"href":"http:\/\/www.ailesevgisi.com\/index.php\/wp-json\/wp\/v2\/tags?post=434"}],"curies":[{"name":"wp","href":"https:\/\/api.w.org\/{rel}","templated":true}]}}