{"id":469,"date":"2025-12-17T06:50:48","date_gmt":"2025-12-17T06:50:48","guid":{"rendered":"https:\/\/www.ailesevgisi.com\/?p=469"},"modified":"2025-12-17T06:50:50","modified_gmt":"2025-12-17T06:50:50","slug":"genclerimize-koy-hayatini-ve-dogal-yasami-sevdirmeliyiz","status":"publish","type":"post","link":"http:\/\/www.ailesevgisi.com\/index.php\/2025\/12\/17\/genclerimize-koy-hayatini-ve-dogal-yasami-sevdirmeliyiz\/","title":{"rendered":"GEN\u00c7LER\u0130M\u0130ZE K\u00d6Y HAYATINI VE DO\u011eAL YA\u015eAMI SEVD\u0130RMEL\u0130Y\u0130Z"},"content":{"rendered":"\n<p>&#8220;Aile Y\u0131l\u0131&#8221; dolay\u0131s\u0131yla \u0130\u00e7i\u015fleri Bakanl\u0131\u011f\u0131 Sivil Toplumla \u0130li\u015fkiler Genel M\u00fcd\u00fcrl\u00fc\u011f\u00fc taraf\u0131ndan desteklenen ve Avrasya Gazeteciler Derne\u011fi taraf\u0131ndan y\u00fcr\u00fct\u00fclen; aile sevgisi ile gen\u00e7leri konu alan proje kapsam\u0131nda, Gebze K\u00f6y Kad\u0131nlar\u0131 Platformu \u00f6nemli bir seminere imza att\u0131.<\/p>\n\n\n\n<p><strong>Seminerden Detaylar:<\/strong> <a target=\"_blank\" rel=\"noreferrer noopener\" href=\"https:\/\/www.facebook.com\/share\/p\/1D1r6R4rBf\/?mibextid=wwXIfr\">\u0130lgili Payla\u015f\u0131m<\/a><\/p>\n\n\n\n<p>Gebze Durakl\u0131 ve \u00c7evre K\u00f6yleri Yard\u0131mla\u015fma Derne\u011fi\u2019nin ev sahipli\u011finde ger\u00e7ekle\u015fen seminerde, Avrasya Gazeteciler Derne\u011fi Genel Ba\u015fkan\u0131 <strong>\u0130smail Kahraman<\/strong>, <a target=\"_blank\" rel=\"noreferrer noopener\" href=\"http:\/\/www.ailesevgisi.com\">www.ailesevgisi.com<\/a> projesi hakk\u0131nda bilgi vererek proje kapsam\u0131nda y\u00fcr\u00fct\u00fclen \u00e7al\u0131\u015fmalar\u0131 anlatt\u0131.<\/p>\n\n\n\n<p>Gebze K\u00f6y Kad\u0131nlar\u0131 Platformu Ba\u015fkan\u0131 <strong>\u00dcmran Yava\u015f Tepecik<\/strong>, aile sevgisinin kazan\u0131lmas\u0131nda ve ailede birlik-beraberli\u011fin ya\u015fat\u0131lmas\u0131nda k\u00f6y hayat\u0131n\u0131n \u00f6nemine dikkat \u00e7ekti. Tepecik, &#8220;Gen\u00e7lerimize k\u00f6y hayat\u0131n\u0131 ve do\u011fal ya\u015fam\u0131 mutlaka \u00f6\u011fretmeliyiz,&#8221; dedi.<\/p>\n\n\n\n<figure class=\"wp-block-image size-large\"><img loading=\"lazy\" decoding=\"async\" width=\"1024\" height=\"768\" src=\"https:\/\/www.ailesevgisi.com\/wp-content\/uploads\/2025\/12\/599953135_1615107899777741_6740954831250770922_n-1024x768.jpg\" alt=\"\" class=\"wp-image-471\" srcset=\"http:\/\/www.ailesevgisi.com\/wp-content\/uploads\/2025\/12\/599953135_1615107899777741_6740954831250770922_n-1024x768.jpg 1024w, http:\/\/www.ailesevgisi.com\/wp-content\/uploads\/2025\/12\/599953135_1615107899777741_6740954831250770922_n-300x225.jpg 300w, http:\/\/www.ailesevgisi.com\/wp-content\/uploads\/2025\/12\/599953135_1615107899777741_6740954831250770922_n-768x576.jpg 768w, http:\/\/www.ailesevgisi.com\/wp-content\/uploads\/2025\/12\/599953135_1615107899777741_6740954831250770922_n-1536x1152.jpg 1536w, http:\/\/www.ailesevgisi.com\/wp-content\/uploads\/2025\/12\/599953135_1615107899777741_6740954831250770922_n-640x480.jpg 640w, http:\/\/www.ailesevgisi.com\/wp-content\/uploads\/2025\/12\/599953135_1615107899777741_6740954831250770922_n-1000x750.jpg 1000w, http:\/\/www.ailesevgisi.com\/wp-content\/uploads\/2025\/12\/599953135_1615107899777741_6740954831250770922_n.jpg 2048w\" sizes=\"auto, (max-width: 1024px) 100vw, 1024px\" \/><\/figure>\n\n\n\n<p>Kocaeli \u015eair ve Yazarlar Platformu Ba\u015fkan\u0131 <strong>Hacer Alio\u011flu Yakuti<\/strong> ise gen\u00e7lerin her t\u00fcrl\u00fc ba\u011f\u0131ml\u0131l\u0131ktan korunmas\u0131nda edebiyat\u0131n g\u00fcc\u00fcne vurgu yapt\u0131. Yakuti, gen\u00e7leri edebiyata ve kitap okumaya y\u00f6nlendirmenin \u00f6nemini ifade etti.<\/p>\n\n\n\n<p>K\u00f6y hayat\u0131nda aile sevgisi ve gen\u00e7ler konulu seminere ev sahipli\u011fi yapan Gebze Durakl\u0131 ve \u00c7evre K\u00f6yleri Derne\u011fi Ba\u015fkan\u0131 <strong>\u0130brahim \u00c7elik<\/strong>, dernek olarak gen\u00e7lere sahip \u00e7\u0131kt\u0131klar\u0131n\u0131 belirterek; &#8220;\u0130lkokuldan \u00fcniversiteye kadar t\u00fcm gen\u00e7lerimizi koruyup kolluyor, onlarla yak\u0131ndan ilgileniyoruz,&#8221; a\u00e7\u0131klamas\u0131nda bulundu.<\/p>\n\n\n\n<p><strong>Video G\u00f6r\u00fcnt\u00fcleri:<\/strong> <a target=\"_blank\" rel=\"noreferrer noopener\" href=\"https:\/\/www.facebook.com\/share\/v\/17d5SVLPk3\/?mibextid=wwXIfr\">\u0130lgili Video<\/a><\/p>\n\n\n\n<p>Toplant\u0131ya kat\u0131lan davetliler konuyla ilgili g\u00f6r\u00fc\u015f ve \u00f6nerilerini payla\u015ft\u0131lar. Etkinli\u011fin sonunda, K\u00f6y Kad\u0131nlar\u0131 Platformu \u00fcyeleri taraf\u0131ndan haz\u0131rlanan y\u00f6resel lezzetler; <strong>mancarl\u0131 pide, bulgurlu pilav ve kapakl\u0131 k\u0131v\u0131rma tatl\u0131s\u0131<\/strong> ikram edildi.<\/p>\n\n\n\n<p><strong>G\u00fcn\u00fcn \u00d6zeti:<\/strong> <a target=\"_blank\" rel=\"noreferrer noopener\" href=\"https:\/\/www.facebook.com\/share\/r\/15V869PXMiq\/?mibextid=wwXIfr\">\u0130lgili Reel Videosu<\/a><\/p>\n\n\n\n<figure class=\"wp-block-image size-large\"><img loading=\"lazy\" decoding=\"async\" width=\"1024\" height=\"768\" src=\"https:\/\/www.ailesevgisi.com\/wp-content\/uploads\/2025\/12\/597705462_1615107873111077_1585981527798638369_n-1024x768.jpg\" alt=\"\" class=\"wp-image-472\" srcset=\"http:\/\/www.ailesevgisi.com\/wp-content\/uploads\/2025\/12\/597705462_1615107873111077_1585981527798638369_n-1024x768.jpg 1024w, http:\/\/www.ailesevgisi.com\/wp-content\/uploads\/2025\/12\/597705462_1615107873111077_1585981527798638369_n-300x225.jpg 300w, http:\/\/www.ailesevgisi.com\/wp-content\/uploads\/2025\/12\/597705462_1615107873111077_1585981527798638369_n-768x576.jpg 768w, http:\/\/www.ailesevgisi.com\/wp-content\/uploads\/2025\/12\/597705462_1615107873111077_1585981527798638369_n-1536x1152.jpg 1536w, http:\/\/www.ailesevgisi.com\/wp-content\/uploads\/2025\/12\/597705462_1615107873111077_1585981527798638369_n-640x480.jpg 640w, http:\/\/www.ailesevgisi.com\/wp-content\/uploads\/2025\/12\/597705462_1615107873111077_1585981527798638369_n-1000x750.jpg 1000w, http:\/\/www.ailesevgisi.com\/wp-content\/uploads\/2025\/12\/597705462_1615107873111077_1585981527798638369_n.jpg 2048w\" sizes=\"auto, (max-width: 1024px) 100vw, 1024px\" \/><\/figure>\n","protected":false},"excerpt":{"rendered":"<p>&#8220;Aile Y\u0131l\u0131&#8221; dolay\u0131s\u0131yla \u0130\u00e7i\u015fleri Bakanl\u0131\u011f\u0131 Sivil Toplumla \u0130li\u015fkiler Genel M\u00fcd\u00fcrl\u00fc\u011f\u00fc taraf\u0131ndan desteklenen ve Avrasya Gazeteciler Derne\u011fi taraf\u0131ndan y\u00fcr\u00fct\u00fclen; aile sevgisi ile gen\u00e7leri konu alan proje kapsam\u0131nda, Gebze K\u00f6y Kad\u0131nlar\u0131 Platformu \u00f6nemli bir seminere imza att\u0131. Seminerden Detaylar: \u0130lgili Payla\u015f\u0131m Gebze Durakl\u0131 ve \u00c7evre K\u00f6yleri Yard\u0131mla\u015fma Derne\u011fi\u2019nin ev sahipli\u011finde ger\u00e7ekle\u015fen seminerde, Avrasya Gazeteciler Derne\u011fi Genel Ba\u015fkan\u0131<\/p>\n","protected":false},"author":1,"featured_media":470,"comment_status":"open","ping_status":"open","sticky":false,"template":"","format":"standard","meta":{"footnotes":""},"categories":[3,2],"tags":[25],"class_list":["post-469","post","type-post","status-publish","format-standard","has-post-thumbnail","hentry","category-ailenin_onemi","category-haberler","tag-ailenin-onemi"],"_links":{"self":[{"href":"http:\/\/www.ailesevgisi.com\/index.php\/wp-json\/wp\/v2\/posts\/469","targetHints":{"allow":["GET"]}}],"collection":[{"href":"http:\/\/www.ailesevgisi.com\/index.php\/wp-json\/wp\/v2\/posts"}],"about":[{"href":"http:\/\/www.ailesevgisi.com\/index.php\/wp-json\/wp\/v2\/types\/post"}],"author":[{"embeddable":true,"href":"http:\/\/www.ailesevgisi.com\/index.php\/wp-json\/wp\/v2\/users\/1"}],"replies":[{"embeddable":true,"href":"http:\/\/www.ailesevgisi.com\/index.php\/wp-json\/wp\/v2\/comments?post=469"}],"version-history":[{"count":1,"href":"http:\/\/www.ailesevgisi.com\/index.php\/wp-json\/wp\/v2\/posts\/469\/revisions"}],"predecessor-version":[{"id":473,"href":"http:\/\/www.ailesevgisi.com\/index.php\/wp-json\/wp\/v2\/posts\/469\/revisions\/473"}],"wp:featuredmedia":[{"embeddable":true,"href":"http:\/\/www.ailesevgisi.com\/index.php\/wp-json\/wp\/v2\/media\/470"}],"wp:attachment":[{"href":"http:\/\/www.ailesevgisi.com\/index.php\/wp-json\/wp\/v2\/media?parent=469"}],"wp:term":[{"taxonomy":"category","embeddable":true,"href":"http:\/\/www.ailesevgisi.com\/index.php\/wp-json\/wp\/v2\/categories?post=469"},{"taxonomy":"post_tag","embeddable":true,"href":"http:\/\/www.ailesevgisi.com\/index.php\/wp-json\/wp\/v2\/tags?post=469"}],"curies":[{"name":"wp","href":"https:\/\/api.w.org\/{rel}","templated":true}]}}