{"id":483,"date":"2025-12-23T07:27:56","date_gmt":"2025-12-23T07:27:56","guid":{"rendered":"https:\/\/www.ailesevgisi.com\/?p=483"},"modified":"2026-01-17T07:59:45","modified_gmt":"2026-01-17T07:59:45","slug":"kayseri-valiligi-vakif-ruhu-ve-erva-projesi-ile-genclere-sahip-cikiyor","status":"publish","type":"post","link":"http:\/\/www.ailesevgisi.com\/index.php\/2025\/12\/23\/kayseri-valiligi-vakif-ruhu-ve-erva-projesi-ile-genclere-sahip-cikiyor\/","title":{"rendered":"KAYSER\u0130 VAL\u0130L\u0130\u011e\u0130, VAKIF RUHU VE ERVA PROJES\u0130 \u0130LE GEN\u00c7LERE SAH\u0130P \u00c7IKIYOR"},"content":{"rendered":"\n<figure class=\"wp-block-image\"><img decoding=\"async\" src=\"https:\/\/www.gebzegazetesi.com\/images\/upload\/044c5827-95e2-486d-87d1-973f508828ef.JPG\" alt=\"\"\/><\/figure>\n\n\n\n<p>Zaman\u0131 de\u011ferlendirerek gitti\u011fim her yerde ara\u015ft\u0131rmalar yap\u0131p belgeseller \u00e7ekmeye devam ediyorum. Kapadokya De\u011fer \u00d6d\u00fclleri t\u00f6reni ve T\u00fcrk D\u00fcnyas\u0131 Gazeteciler Federasyonu Y\u00f6netim Kurulu toplant\u0131lar\u0131na kat\u0131lmak \u00fczere, 19-21 Aral\u0131k 2025 tarihlerinde Kayseri ve Nev\u015fehir\u2019i kapsayan Kapadokya b\u00f6lgesindeydim. Evliya \u00c7elebi\u2019nin izinde vak\u0131f medeniyetimizi ara\u015ft\u0131r\u0131rken, Kayseri Valili\u011fi taraf\u0131ndan vak\u0131f ruhuyla hayata ge\u00e7irilen&nbsp;<strong>ERVA Projesi<\/strong>&nbsp;(<a target=\"_blank\" rel=\"noreferrer noopener\" href=\"https:\/\/erdemlerimizlevariz.com\/\">https:\/\/erdemlerimizlevariz.com\/<\/a>) hakk\u0131nda detayl\u0131 bilgiler alarak Kayseri Valisi Say\u0131n G\u00f6kmen \u00c7i\u00e7ek ile bir belgesel s\u00f6yle\u015fisi ger\u00e7ekle\u015ftirdim. (<a target=\"_blank\" rel=\"noreferrer noopener\" href=\"https:\/\/www.gebzegazete.com\/?p=11121\">https:\/\/www.gebzegazete.com\/?p=11121<\/a>)<\/p>\n\n\n\n<p>2027 T\u00fcrk D\u00fcnyas\u0131 K\u00fclt\u00fcr Ba\u015fkenti olmaya aday Kayseri\u2019de; Tanr\u0131 Da\u011flar\u0131&#8217;ndan Erciyes Da\u011f\u0131&#8217;na, Talas\u2019tan medrese ve k\u00fclliyelere kadar vak\u0131f medeniyeti tarihini kay\u0131t alt\u0131na alma imk\u00e2n\u0131 buldum. Aslen Ah\u0131ska T\u00fcrk\u00fc olan ve Gebzeli \u00c7i\u00e7ek ailesinin evlad\u0131, \u00e7ocukluk ve gen\u00e7lik y\u0131llar\u0131n\u0131 d\u00fcn gibi hat\u0131rlad\u0131\u011f\u0131m Valimiz Say\u0131n G\u00f6kmen \u00c7i\u00e7ek Bey\u2019i, 21 Aral\u0131k 2025 tarihinde ziyaret ettim.<\/p>\n\n\n\n<p>Pazar g\u00fcn\u00fc olmas\u0131na ra\u011fmen makam\u0131nda bizleri kabul ederek projeyi anlatmas\u0131 ve ard\u0131ndan Kayseri Kitap Fuar\u0131\u2019n\u0131 birlikte gezmemiz b\u00fcy\u00fck bir nezaketti. T\u00fcm T\u00fcrkiye i\u00e7in rol model olabilecek&nbsp;<strong>ERVA (Erdemlerimizle Var\u0131z) Projesi\u2019ni<\/strong>&nbsp;bizzat kendisinden dinledim. Devlet, vatanda\u015f, sanayici ve STK i\u015f birli\u011fiyle y\u00fcr\u00fct\u00fclen bu &#8220;vak\u0131f ruhu&#8221; modelinin t\u00fcm illerimizde uygulanmas\u0131n\u0131 temenni ediyorum. Vali Bey ile yapt\u0131\u011f\u0131m\u0131z bu s\u00f6yle\u015fiyi, TGRT Belgesel ba\u015fta olmak \u00fczere pek \u00e7ok kanalda yay\u0131nlanan &#8220;Devri Alem&#8221; program\u0131m\u0131zda kamuoyuyla payla\u015faca\u011f\u0131z. (<a target=\"_blank\" rel=\"noreferrer noopener\" href=\"https:\/\/x.com\/kayserivaliligi\/status\/2002725771454886136\/photo\/3\">https:\/\/x.com\/kayserivaliligi\/status\/2002725771454886136\/photo\/3<\/a>)<\/p>\n\n\n\n<figure class=\"wp-block-embed is-type-video is-provider-youtube wp-block-embed-youtube wp-embed-aspect-4-3 wp-has-aspect-ratio\"><div class=\"wp-block-embed__wrapper\">\n<iframe loading=\"lazy\" title=\"Kayseri Valisi G\u00f6kmen \u00c7i\u00e7ek&#039;in Ba\u011f\u0131ml\u0131l\u0131kla M\u00fccadele Projesi: ERVA\" width=\"960\" height=\"540\" src=\"https:\/\/www.youtube.com\/embed\/ExoKgkiKWWQ?feature=oembed\" frameborder=\"0\" allow=\"accelerometer; autoplay; clipboard-write; encrypted-media; gyroscope; picture-in-picture; web-share\" referrerpolicy=\"strict-origin-when-cross-origin\" allowfullscreen><\/iframe>\n<\/div><\/figure>\n\n\n\n<p><strong>ERVA Projesi Hakk\u0131nda Resmi Bilgi<\/strong>&nbsp;ERVA Projesi; \u00f6zellikle Kayseri\u2019de, genel anlamda ise t\u00fcm T\u00fcrkiye\u2019de uygulanabilecek; anas\u0131n\u0131f\u0131, ilkokul, ortaokul ve lise d\u00fczeyindeki \u00f6\u011frencilere y\u00f6nelik kitlesel bir de\u011fer kazand\u0131rma \u00e7al\u0131\u015fmas\u0131d\u0131r.<\/p>\n\n\n\n<p><strong>KAYSER\u0130\u2019DE GEN\u00c7LER \u0130\u00c7\u0130N 64 SPOR OKULU A\u00c7ILDI<\/strong>&nbsp;Valilik resmi internet sitesinde yer alan 03.01.2025 tarihli habere g\u00f6re (<a target=\"_blank\" rel=\"noreferrer noopener\" href=\"https:\/\/www.google.com\/search?q=http:\/\/kayseri.gov.tr\/erva-spor-okullarina-bir-yenisi-daha-eklendi\">http:\/\/kayseri.gov.tr\/erva-spor-okullarina-bir-yenisi-daha-eklendi<\/a>), Vali G\u00f6kmen \u00c7i\u00e7ek \u00f6nc\u00fcl\u00fc\u011f\u00fcnde &#8220;Kayseri Park ERVA Spor Kul\u00fcb\u00fc&#8221; a\u00e7\u0131ld\u0131. Vali \u00c7i\u00e7ek a\u00e7\u0131l\u0131\u015fta yapt\u0131\u011f\u0131 konu\u015fmada: &#8220;Bug\u00fcn itibariyle 11.500 \u00f6\u011frenciye ula\u015fman\u0131n gururunu ya\u015f\u0131yoruz. ERVA Spor Okullar\u0131, gen\u00e7li\u011fimizin hayallerini \u00e7almaya \u00e7al\u0131\u015fan k\u00f6t\u00fclere kar\u015f\u0131 bir meydan okumad\u0131r. Ne yaparsan\u0131z yap\u0131n, hi\u00e7bir gencimizi kaybetmeyece\u011fiz.&#8221; ifadelerini kulland\u0131.<\/p>\n\n\n\n<p><strong>ERVA Spor Okullar\u0131 16 Bin Gence Ula\u015ft\u0131<\/strong>&nbsp;Proje kapsam\u0131nda a\u00e7\u0131lan okul say\u0131s\u0131 61&#8217;e, ula\u015f\u0131lan \u00f6\u011frenci say\u0131s\u0131 ise 16 bine y\u00fckseldi. Gen\u00e7lik ve Spor \u0130l M\u00fcd\u00fcr\u00fc Ali \u0130hsan Kabakc\u0131, projenin T\u00fcrkiye\u2019ye model oldu\u011funu ve dezavantajl\u0131 mahallelerdeki \u00e7ocuklar\u0131n sporla k\u00f6t\u00fc al\u0131\u015fkanl\u0131klardan uzak tutuldu\u011funu belirtti. Hatta projeden yeti\u015fen bir sporcumuz d\u00fcnya bilek g\u00fcre\u015fi \u015fampiyonas\u0131nda d\u00fcnya 2. si olmay\u0131 ba\u015fard\u0131. (<a target=\"_blank\" rel=\"noreferrer noopener\" href=\"https:\/\/www.ihavideo.com.tr\/Video\/Detay\/1904327-erva-spor-okullari-16-bin-ogrenciye-ulasti\">https:\/\/www.ihavideo.com.tr\/Video\/Detay\/1904327-erva-spor-okullari-16-bin-ogrenciye-ulasti<\/a>)<\/p>\n\n\n\n<p><strong>Vali \u00c7i\u00e7ek: &#8220;ERVA, Kayseri\u2019nin Kendi Projesi Oldu&#8221;<\/strong>&nbsp;Vali G\u00f6kmen \u00c7i\u00e7ek, projenin art\u0131k t\u00fcm \u015fehrin sahiplendi\u011fi bir yap\u0131ya d\u00f6n\u00fc\u015ft\u00fc\u011f\u00fcn\u00fc belirterek: &#8220;ERVA valili\u011fin de\u011fil, 1,5 milyonluk Kayseri\u2019nin kendi projesidir. ERVA\u2019ya \u015feref meselem, namus meselem dedim. Art\u0131k her birimizin \u015feref meselesi haline geldi.&#8221; dedi. (<a target=\"_blank\" rel=\"noreferrer noopener\" href=\"https:\/\/www.iha.com.tr\/kayseri-haberleri\/vali-cicek-erva-koskoca-1-5-milyonluk-kayserinin-kendi-projesi-oldu-255762559\">https:\/\/www.iha.com.tr\/kayseri-haberleri\/vali-cicek-erva-koskoca-1-5-milyonluk-kayserinin-kendi-projesi-oldu-255762559<\/a>)<\/p>\n\n\n\n<p><strong><br><br>KAYSER\u0130 VAL\u0130S\u0130 SAYIN G\u00d6KMEN \u00c7\u0130\u00c7EK K\u0130MD\u0130R?<\/strong>&nbsp;1978 Gebze do\u011fumlu olan G\u00f6kmen \u00c7i\u00e7ek, Uluda\u011f \u00dcniversitesi Kamu Y\u00f6netimi mezunudur. \u0130ngiltere Sheffield \u00dcniversitesi\u2019nde e\u011fitim alm\u0131\u015f, y\u00fcksek lisans\u0131n\u0131 Recep Tayyip Erdo\u011fan \u00dcniversitesi\u2019nde tamamlam\u0131\u015ft\u0131r. Sivas, Erzincan ve Rize\u2019de kaymakaml\u0131k yapt\u0131ktan sonra \u0130\u00e7i\u015fleri Bakanl\u0131\u011f\u0131\u2019nda \u00fcst d\u00fczey g\u00f6revlerde bulunmu\u015ftur. 2020\u2019de Afyonkarahisar Valili\u011fi\u2019ne, 2022\u2019de ise Kayseri Valili\u011fi\u2019ne atanm\u0131\u015ft\u0131r. (<a target=\"_blank\" rel=\"noreferrer noopener\" href=\"http:\/\/www.kayseri.gov.tr\/gokmen-cicek\">http:\/\/www.kayseri.gov.tr\/gokmen-cicek<\/a>)<\/p>\n\n\n\n<p><strong>KAYSER\u0130\u2019YE VEDA EDERKEN<\/strong>&nbsp;Gebze\u2019nin evlad\u0131, de\u011ferli devlet adam\u0131 ve dostum \u0130brahim \u00c7i\u00e7ek Bey\u2019in o\u011flu Say\u0131n G\u00f6kmen \u00c7i\u00e7ek Bey ile yapt\u0131\u011f\u0131m\u0131z belgesel s\u00f6yle\u015fiyle Kayseri\u2019ye veda ediyoruz. Nazik misafirperverli\u011fi i\u00e7in kendilerine te\u015fekk\u00fcr eder; 2027 T\u00fcrk D\u00fcnyas\u0131 K\u00fclt\u00fcr Ba\u015fkenti aday\u0131 Kayseri\u2019ye selamlar\u0131m\u0131z\u0131 sunar\u0131z. (<a target=\"_blank\" rel=\"noreferrer noopener\" href=\"https:\/\/www.google.com\/search?q=https:\/\/www.facebook.com\/share\/p\/17QyP1RRFU\/\">https:\/\/www.facebook.com\/share\/p\/17QyP1RRFU\/<\/a>)<br><br><img loading=\"lazy\" decoding=\"async\" src=\"https:\/\/www.gebzegazetesi.com\/images\/upload\/2fe4caa9-0f63-46c7-aacd-005d1cb88476.JPG\" width=\"700\" height=\"467\"><\/p>\n\n\n\n<p><strong>\u0130lgili Belgesellerimiz:<\/strong><\/p>\n\n\n\n<ul class=\"wp-block-list\">\n<li>Kayseri Genel Tan\u0131t\u0131m:&nbsp;<a href=\"https:\/\/www.youtube.com\/watch?v=vViVjSCzMEM\" target=\"_blank\" rel=\"noreferrer noopener\">https:\/\/www.youtube.com\/watch?v=vViVjSCzMEM<\/a><\/li>\n\n\n\n<li>Tanr\u0131 Da\u011flar\u0131&#8217;ndan Talas\u2019a:&nbsp;<a href=\"https:\/\/www.youtube.com\/watch?v=D713Vze2Ms8\" target=\"_blank\" rel=\"noreferrer noopener\">https:\/\/www.youtube.com\/watch?v=D713Vze2Ms8<\/a><\/li>\n\n\n\n<li>38 Y\u0131l \u00d6nce Kayseri (TGRT &#8211; Buram Buram Anadolu):&nbsp;<a href=\"https:\/\/www.youtube.com\/watch?v=W5WEBSYSfU8\" target=\"_blank\" rel=\"noreferrer noopener\">https:\/\/www.youtube.com\/watch?v=W5WEBSYSfU8<\/a><\/li>\n\n\n\n<li>Kayseri ve Nev\u015fehir Belgesel Listesi:&nbsp;<a href=\"https:\/\/www.youtube.com\/playlist?list=PLVpLtuUKuBQDwThSBuU6eby9cXMz8clwU\" target=\"_blank\" rel=\"noreferrer noopener\">https:\/\/www.youtube.com\/playlist?list=PLVpLtuUKuBQDwThSBuU6eby9cXMz8clwU<\/a><\/li>\n<\/ul>\n\n\n\n<p><strong>Vak\u0131f Ruhu ile A\u00e7\u0131k Te\u015fekk\u00fcr<\/strong>&nbsp;Kayseri ve Nev\u015fehir\u2019de bizlere vak\u0131f ruhuyla sahip \u00e7\u0131kan, rehberlik eden ve destek veren t\u00fcm kurumlara ve dostlara te\u015fekk\u00fcrlerimizi sunar\u0131z. Selam ve sayg\u0131lar\u0131mla.<br><br><img loading=\"lazy\" decoding=\"async\" src=\"https:\/\/www.gebzegazetesi.com\/images\/upload\/88fd972d-db3e-42de-bcfd-f846a5fda71d.JPG\" width=\"700\" height=\"467\"><\/p>\n","protected":false},"excerpt":{"rendered":"<p>Zaman\u0131 de\u011ferlendirerek gitti\u011fim her yerde ara\u015ft\u0131rmalar yap\u0131p belgeseller \u00e7ekmeye devam ediyorum. Kapadokya De\u011fer \u00d6d\u00fclleri t\u00f6reni ve T\u00fcrk D\u00fcnyas\u0131 Gazeteciler Federasyonu Y\u00f6netim Kurulu toplant\u0131lar\u0131na kat\u0131lmak \u00fczere, 19-21 Aral\u0131k 2025 tarihlerinde Kayseri ve Nev\u015fehir\u2019i kapsayan Kapadokya b\u00f6lgesindeydim. Evliya \u00c7elebi\u2019nin izinde vak\u0131f medeniyetimizi ara\u015ft\u0131r\u0131rken, Kayseri Valili\u011fi taraf\u0131ndan vak\u0131f ruhuyla hayata ge\u00e7irilen&nbsp;ERVA Projesi&nbsp;(https:\/\/erdemlerimizlevariz.com\/) hakk\u0131nda detayl\u0131 bilgiler alarak Kayseri Valisi<\/p>\n","protected":false},"author":1,"featured_media":484,"comment_status":"open","ping_status":"open","sticky":false,"template":"","format":"standard","meta":{"footnotes":""},"categories":[4],"tags":[27],"class_list":["post-483","post","type-post","status-publish","format-standard","has-post-thumbnail","hentry","category-bagimlilikla_mucadele","tag-bagimlilikla-mucadele"],"_links":{"self":[{"href":"http:\/\/www.ailesevgisi.com\/index.php\/wp-json\/wp\/v2\/posts\/483","targetHints":{"allow":["GET"]}}],"collection":[{"href":"http:\/\/www.ailesevgisi.com\/index.php\/wp-json\/wp\/v2\/posts"}],"about":[{"href":"http:\/\/www.ailesevgisi.com\/index.php\/wp-json\/wp\/v2\/types\/post"}],"author":[{"embeddable":true,"href":"http:\/\/www.ailesevgisi.com\/index.php\/wp-json\/wp\/v2\/users\/1"}],"replies":[{"embeddable":true,"href":"http:\/\/www.ailesevgisi.com\/index.php\/wp-json\/wp\/v2\/comments?post=483"}],"version-history":[{"count":2,"href":"http:\/\/www.ailesevgisi.com\/index.php\/wp-json\/wp\/v2\/posts\/483\/revisions"}],"predecessor-version":[{"id":562,"href":"http:\/\/www.ailesevgisi.com\/index.php\/wp-json\/wp\/v2\/posts\/483\/revisions\/562"}],"wp:featuredmedia":[{"embeddable":true,"href":"http:\/\/www.ailesevgisi.com\/index.php\/wp-json\/wp\/v2\/media\/484"}],"wp:attachment":[{"href":"http:\/\/www.ailesevgisi.com\/index.php\/wp-json\/wp\/v2\/media?parent=483"}],"wp:term":[{"taxonomy":"category","embeddable":true,"href":"http:\/\/www.ailesevgisi.com\/index.php\/wp-json\/wp\/v2\/categories?post=483"},{"taxonomy":"post_tag","embeddable":true,"href":"http:\/\/www.ailesevgisi.com\/index.php\/wp-json\/wp\/v2\/tags?post=483"}],"curies":[{"name":"wp","href":"https:\/\/api.w.org\/{rel}","templated":true}]}}