{"id":490,"date":"2026-01-05T06:41:11","date_gmt":"2026-01-05T06:41:11","guid":{"rendered":"https:\/\/www.ailesevgisi.com\/?p=490"},"modified":"2026-01-05T06:41:12","modified_gmt":"2026-01-05T06:41:12","slug":"aile-ve-cocuklari-en-iyi-aile-sevgisi-korur","status":"publish","type":"post","link":"http:\/\/www.ailesevgisi.com\/index.php\/2026\/01\/05\/aile-ve-cocuklari-en-iyi-aile-sevgisi-korur\/","title":{"rendered":"A\u0130LE VE \u00c7OCUKLARI EN \u0130Y\u0130 A\u0130LE SEVG\u0130S\u0130 KORUR"},"content":{"rendered":"\n<p>Uluslararas\u0131 bir \u00e7ok yay\u0131n mecras\u0131nda yay\u0131nlanan eserlere imza atan K\u00fclt\u00fcr ve sanat insan\u0131. Nedret DEM\u0130R Aile Sevgisi alb\u00fcm\u00fc ile ilgili Devri alem tv ve Gebze gazetesi canl\u0131 yay\u0131n\u0131nda \u00f6nemli bilgiler verdi.\u00a0<\/p>\n\n\n\n<p><a href=\"https:\/\/www.facebook.com\/share\/v\/1aNGUxNuAD\/?mibextid=wwXIfr\" target=\"_blank\" rel=\"noreferrer noopener\">https:\/\/www.facebook.com\/share\/v\/1aNGUxNuAD\/?mibextid=wwXIfr<\/a>\u00a0<\/p>\n\n\n\n<p>2025 aile y\u0131l\u0131n\u0131 en iyi anlatan alb\u00fcm olarak de\u011ferlendirilen alb\u00fcm klip olarak \u00f6n\u00fcm\u00fczdeki g\u00fcnlerde\u00a0<a href=\"http:\/\/www.ailesevgisi.com\/\" target=\"_blank\" rel=\"noreferrer noopener\">www.ailesevgisi.com<\/a>\u00a0web sayfas\u0131nda kamuoyu ile payla\u015f\u0131lacak. Uluslaras\u0131 sanat ve k\u00fclt\u00fcr insan\u0131 Sn.Nedret DEM\u0130R ile yap\u0131lan BELGESEL TADINDA CANLI S\u00d6YLE\u015e\u0130 b\u00fcy\u00fck ilgi g\u00f6rd\u00fc \u00e7ok say\u0131da ki\u015fi izledi.\u00a0<\/p>\n\n\n\n<p><a href=\"https:\/\/www.facebook.com\/share\/v\/172ct1CZ5W\/?mibextid=wwXIfr\" target=\"_blank\" rel=\"noreferrer noopener\">https:\/\/www.facebook.com\/share\/v\/172ct1CZ5W\/?mibextid=wwXIfr<\/a>\u00a0<\/p>\n\n\n\n<p>NEDRET DEM\u0130R\u2019\u0130N 2026 YILI \u0130LK ALB\u00dcM\u00dc \u201cSEVG\u0130 HER DERDE DEVA\u201d <\/p>\n\n\n\n<p>\u201cSevgi\u201d, hayat\u0131n en tatl\u0131 \u015fark\u0131s\u0131; kalplerin \u0131\u015f\u0131\u011f\u0131d\u0131r ku\u015fkusuz. Unutmayal\u0131m! \u201cSevgi\u201d, her \u015feyi m\u00fcmk\u00fcn k\u0131lar. Her derdin \u00e7aresi onda duruyor. O halde sevgiyi s\u0131n\u0131rs\u0131zca yay\u0131n. D\u00fcnyay\u0131 g\u00fczel k\u0131l\u0131n. O sizin elinizde.\u00a0<a href=\"https:\/\/youtu.be\/qaolO4Y2xN0?si=80YQfrIQ2TyYqEM_\" target=\"_blank\" rel=\"noreferrer noopener\">https:\/\/youtu.be\/qaolO4Y2xN0?si=80YQfrIQ2TyYqEM_<\/a>\u00a0<\/p>\n\n\n\n<p>\u201cSEVG\u0130 HER DERDE DEVA\u201d adl\u0131 single alb\u00fcm\u00fcm 2026 y\u0131l\u0131nda yay\u0131nlanan ilk alb\u00fcm\u00fcm olmas\u0131 nedeniyle benim i\u00e7in de bir ba\u015fka anlam da ta\u015f\u0131yor.\u00a0<\/p>\n\n\n\n<p><a href=\"https:\/\/www.facebook.com\/share\/p\/1D8CmvgtC6\/?mibextid=wwXIfr\" target=\"_blank\" rel=\"noreferrer noopener\">https:\/\/www.facebook.com\/share\/p\/1D8CmvgtC6\/?mibextid=wwXIfr<\/a>\u00a0<\/p>\n\n\n\n<p>Haydi sizde hesaps\u0131zca verin sevginizi. K\u0131smadan ve de k\u0131skanmadan. Var m\u0131s\u0131n\u0131z? Bu eserim \u015fimdi d\u00fcnyada t\u00fcm dijital m\u00fczik platformlar\u0131nda (Amazon, Anghami, Apple Music, Joox, MediaNet, Boomplay, Deezer, Flo, Instagram\/Facebook, Adaptr, YouTube Music, iHeartRadio, Claro M\u00fasica, iTunes, Kuack Media, NetEase, Qobuz, Pandora, Saavn, Spotify, Tencent, Tidal and TikTok &amp; other ByteDance @stores, ) yay\u0131na girdi. Sayg\u0131lar\u0131mla Eserin YouTube linki eklidir.\u00a0<\/p>\n\n\n\n<p><a href=\"https:\/\/youtu.be\/qaolO4Y2xN0?si=80YQfrIQ2TyYqEM_\" target=\"_blank\" rel=\"noreferrer noopener\">https:\/\/youtu.be\/qaolO4Y2xN0?si=80YQfrIQ2TyYqEM_<\/a><\/p>\n","protected":false},"excerpt":{"rendered":"<p>Uluslararas\u0131 bir \u00e7ok yay\u0131n mecras\u0131nda yay\u0131nlanan eserlere imza atan K\u00fclt\u00fcr ve sanat insan\u0131. Nedret DEM\u0130R Aile Sevgisi alb\u00fcm\u00fc ile ilgili Devri alem tv ve Gebze gazetesi canl\u0131 yay\u0131n\u0131nda \u00f6nemli bilgiler verdi.\u00a0 https:\/\/www.facebook.com\/share\/v\/1aNGUxNuAD\/?mibextid=wwXIfr\u00a0 2025 aile y\u0131l\u0131n\u0131 en iyi anlatan alb\u00fcm olarak de\u011ferlendirilen alb\u00fcm klip olarak \u00f6n\u00fcm\u00fczdeki g\u00fcnlerde\u00a0www.ailesevgisi.com\u00a0web sayfas\u0131nda kamuoyu ile payla\u015f\u0131lacak. Uluslaras\u0131 sanat ve k\u00fclt\u00fcr insan\u0131<\/p>\n","protected":false},"author":1,"featured_media":491,"comment_status":"open","ping_status":"open","sticky":false,"template":"","format":"standard","meta":{"footnotes":""},"categories":[3],"tags":[25],"class_list":["post-490","post","type-post","status-publish","format-standard","has-post-thumbnail","hentry","category-ailenin_onemi","tag-ailenin-onemi"],"_links":{"self":[{"href":"http:\/\/www.ailesevgisi.com\/index.php\/wp-json\/wp\/v2\/posts\/490","targetHints":{"allow":["GET"]}}],"collection":[{"href":"http:\/\/www.ailesevgisi.com\/index.php\/wp-json\/wp\/v2\/posts"}],"about":[{"href":"http:\/\/www.ailesevgisi.com\/index.php\/wp-json\/wp\/v2\/types\/post"}],"author":[{"embeddable":true,"href":"http:\/\/www.ailesevgisi.com\/index.php\/wp-json\/wp\/v2\/users\/1"}],"replies":[{"embeddable":true,"href":"http:\/\/www.ailesevgisi.com\/index.php\/wp-json\/wp\/v2\/comments?post=490"}],"version-history":[{"count":1,"href":"http:\/\/www.ailesevgisi.com\/index.php\/wp-json\/wp\/v2\/posts\/490\/revisions"}],"predecessor-version":[{"id":492,"href":"http:\/\/www.ailesevgisi.com\/index.php\/wp-json\/wp\/v2\/posts\/490\/revisions\/492"}],"wp:featuredmedia":[{"embeddable":true,"href":"http:\/\/www.ailesevgisi.com\/index.php\/wp-json\/wp\/v2\/media\/491"}],"wp:attachment":[{"href":"http:\/\/www.ailesevgisi.com\/index.php\/wp-json\/wp\/v2\/media?parent=490"}],"wp:term":[{"taxonomy":"category","embeddable":true,"href":"http:\/\/www.ailesevgisi.com\/index.php\/wp-json\/wp\/v2\/categories?post=490"},{"taxonomy":"post_tag","embeddable":true,"href":"http:\/\/www.ailesevgisi.com\/index.php\/wp-json\/wp\/v2\/tags?post=490"}],"curies":[{"name":"wp","href":"https:\/\/api.w.org\/{rel}","templated":true}]}}