{"id":497,"date":"2026-01-05T07:55:39","date_gmt":"2026-01-05T07:55:39","guid":{"rendered":"https:\/\/www.ailesevgisi.com\/?p=497"},"modified":"2026-01-05T07:57:35","modified_gmt":"2026-01-05T07:57:35","slug":"cayirovada-bagimlilikla-mucadelede-aile-sevgisinin-onemi-yarismasi-sonuclandi","status":"publish","type":"post","link":"http:\/\/www.ailesevgisi.com\/index.php\/2026\/01\/05\/cayirovada-bagimlilikla-mucadelede-aile-sevgisinin-onemi-yarismasi-sonuclandi\/","title":{"rendered":"\u00c7ay\u0131rova&#8217;da &#8220;Ba\u011f\u0131ml\u0131l\u0131kla M\u00fccadelede Aile Sevgisinin \u00d6nemi&#8221; Yar\u0131\u015fmas\u0131 Sonu\u00e7land\u0131"},"content":{"rendered":"\n<p>\u00c7ay\u0131rova \u0130l\u00e7e Milli E\u011fitim M\u00fcd\u00fcrl\u00fc\u011f\u00fc taraf\u0131ndan d\u00fczenlenen <strong>&#8220;Ba\u011f\u0131ml\u0131l\u0131kla M\u00fccadelede Aile Sevgisinin \u00d6nemi&#8221;<\/strong> konulu resim, hikaye ve \u015fiir yar\u0131\u015fmas\u0131nda dereceye giren \u00f6\u011frenciler belli oldu. Gen\u00e7lerin ba\u011f\u0131ml\u0131l\u0131\u011fa kar\u015f\u0131 bilin\u00e7lendirilmesini hedefleyen yar\u0131\u015fmada, \u00fc\u00e7 farkl\u0131 kategoride yetenekler sergilendi.<\/p>\n\n\n\n<h3 class=\"wp-block-heading\">Dereceye Giren \u00d6\u011frenciler ve Okullar\u0131<\/h3>\n\n\n\n<p><strong>\u0130lkokullar Aras\u0131 Resim Yar\u0131\u015fmas\u0131:<\/strong><\/p>\n\n\n\n<ol start=\"1\" class=\"wp-block-list\">\n<li><strong>Sahra Naz Bilici<\/strong> \u2013 Alparslan \u0130lkokulu<\/li>\n\n\n\n<li><strong>Elif Nurselin \u00c7in<\/strong> \u2013 Ahmet Yesevi \u0130lkokulu<\/li>\n\n\n\n<li><strong>Elif Nisa Erhal<\/strong> \u2013 T\u00fcrkan G\u00f6kt\u00fcrk \u0130lkokulu<\/li>\n<\/ol>\n\n\n\n<p><strong>Ortaokullar Aras\u0131 Hikaye Yar\u0131\u015fmas\u0131:<\/strong><\/p>\n\n\n\n<ol start=\"1\" class=\"wp-block-list\">\n<li><strong>Melisa A\u011fa\u00e7<\/strong> \u2013 Mustafa Necati Ortaokulu<\/li>\n\n\n\n<li><strong>Asmin Aksoy<\/strong> \u2013 Mustafa Necati Ortaokulu<\/li>\n\n\n\n<li><strong>Emine Omar<\/strong> \u2013 \u00c7ay\u0131rova K\u0131z Anadolu \u0130mam Hatip Lisesi (Ortaokul Kademesi)<\/li>\n<\/ol>\n\n\n\n<p><strong>Liseler Aras\u0131 \u015eiir Yar\u0131\u015fmas\u0131:<\/strong><\/p>\n\n\n\n<ol start=\"1\" class=\"wp-block-list\">\n<li><strong>Zeynep \u0130kbal Sessiz<\/strong> \u2013 \u00c7ay\u0131rova Fevzi \u00c7akmak Anadolu Lisesi<\/li>\n\n\n\n<li><strong>Emir \u00c7al\u0131k<\/strong> \u2013 Ertu\u011frul Kurdo\u011flu Anadolu Lisesi<\/li>\n\n\n\n<li><strong>Muhammed Tahmaz<\/strong> \u2013 \u015eehit Er M\u00fccahit Okur Anadolu \u0130mam Hatip Lisesi<\/li>\n<\/ol>\n\n\n\n<h3 class=\"wp-block-heading\">Kazananlara Alt\u0131n \u00d6d\u00fcl\u00fc<\/h3>\n\n\n\n<p>Yar\u0131\u015fma sonucunda b\u00fcy\u00fck ba\u015far\u0131 g\u00f6steren \u00f6\u011frencilerden birincilere <strong>1 gram alt\u0131n<\/strong>, ikincilere <strong>yar\u0131m gram alt\u0131n<\/strong>, \u00fc\u00e7\u00fcnc\u00fclere ise <strong>\u00e7eyrek gram alt\u0131n<\/strong> \u00f6d\u00fcl\u00fc takdim edilecek. Sosyal sorumluluk bilincini sanatla birle\u015ftiren bu anlaml\u0131 etkinlik, il\u00e7edeki okullardan b\u00fcy\u00fck ilgi g\u00f6rd\u00fc.<\/p>\n\n\n\n<figure class=\"wp-block-image size-large\"><img loading=\"lazy\" decoding=\"async\" width=\"724\" height=\"1024\" src=\"https:\/\/www.ailesevgisi.com\/wp-content\/uploads\/2026\/01\/PHOTO-2026-01-02-21-59-43-724x1024.jpg\" alt=\"\" class=\"wp-image-498\" srcset=\"http:\/\/www.ailesevgisi.com\/wp-content\/uploads\/2026\/01\/PHOTO-2026-01-02-21-59-43-724x1024.jpg 724w, http:\/\/www.ailesevgisi.com\/wp-content\/uploads\/2026\/01\/PHOTO-2026-01-02-21-59-43-212x300.jpg 212w, http:\/\/www.ailesevgisi.com\/wp-content\/uploads\/2026\/01\/PHOTO-2026-01-02-21-59-43-768x1086.jpg 768w, http:\/\/www.ailesevgisi.com\/wp-content\/uploads\/2026\/01\/PHOTO-2026-01-02-21-59-43-1086x1536.jpg 1086w, http:\/\/www.ailesevgisi.com\/wp-content\/uploads\/2026\/01\/PHOTO-2026-01-02-21-59-43.jpg 1131w\" sizes=\"auto, (max-width: 724px) 100vw, 724px\" \/><\/figure>\n","protected":false},"excerpt":{"rendered":"<p>\u00c7ay\u0131rova \u0130l\u00e7e Milli E\u011fitim M\u00fcd\u00fcrl\u00fc\u011f\u00fc taraf\u0131ndan d\u00fczenlenen &#8220;Ba\u011f\u0131ml\u0131l\u0131kla M\u00fccadelede Aile Sevgisinin \u00d6nemi&#8221; konulu resim, hikaye ve \u015fiir yar\u0131\u015fmas\u0131nda dereceye giren \u00f6\u011frenciler belli oldu. Gen\u00e7lerin ba\u011f\u0131ml\u0131l\u0131\u011fa kar\u015f\u0131 bilin\u00e7lendirilmesini hedefleyen yar\u0131\u015fmada, \u00fc\u00e7 farkl\u0131 kategoride yetenekler sergilendi. Dereceye Giren \u00d6\u011frenciler ve Okullar\u0131 \u0130lkokullar Aras\u0131 Resim Yar\u0131\u015fmas\u0131: Ortaokullar Aras\u0131 Hikaye Yar\u0131\u015fmas\u0131: Liseler Aras\u0131 \u015eiir Yar\u0131\u015fmas\u0131: Kazananlara Alt\u0131n \u00d6d\u00fcl\u00fc Yar\u0131\u015fma<\/p>\n","protected":false},"author":1,"featured_media":502,"comment_status":"open","ping_status":"open","sticky":false,"template":"","format":"standard","meta":{"footnotes":""},"categories":[4],"tags":[27],"class_list":["post-497","post","type-post","status-publish","format-standard","has-post-thumbnail","hentry","category-bagimlilikla_mucadele","tag-bagimlilikla-mucadele"],"_links":{"self":[{"href":"http:\/\/www.ailesevgisi.com\/index.php\/wp-json\/wp\/v2\/posts\/497","targetHints":{"allow":["GET"]}}],"collection":[{"href":"http:\/\/www.ailesevgisi.com\/index.php\/wp-json\/wp\/v2\/posts"}],"about":[{"href":"http:\/\/www.ailesevgisi.com\/index.php\/wp-json\/wp\/v2\/types\/post"}],"author":[{"embeddable":true,"href":"http:\/\/www.ailesevgisi.com\/index.php\/wp-json\/wp\/v2\/users\/1"}],"replies":[{"embeddable":true,"href":"http:\/\/www.ailesevgisi.com\/index.php\/wp-json\/wp\/v2\/comments?post=497"}],"version-history":[{"count":1,"href":"http:\/\/www.ailesevgisi.com\/index.php\/wp-json\/wp\/v2\/posts\/497\/revisions"}],"predecessor-version":[{"id":504,"href":"http:\/\/www.ailesevgisi.com\/index.php\/wp-json\/wp\/v2\/posts\/497\/revisions\/504"}],"wp:featuredmedia":[{"embeddable":true,"href":"http:\/\/www.ailesevgisi.com\/index.php\/wp-json\/wp\/v2\/media\/502"}],"wp:attachment":[{"href":"http:\/\/www.ailesevgisi.com\/index.php\/wp-json\/wp\/v2\/media?parent=497"}],"wp:term":[{"taxonomy":"category","embeddable":true,"href":"http:\/\/www.ailesevgisi.com\/index.php\/wp-json\/wp\/v2\/categories?post=497"},{"taxonomy":"post_tag","embeddable":true,"href":"http:\/\/www.ailesevgisi.com\/index.php\/wp-json\/wp\/v2\/tags?post=497"}],"curies":[{"name":"wp","href":"https:\/\/api.w.org\/{rel}","templated":true}]}}