{"id":505,"date":"2026-01-05T08:18:32","date_gmt":"2026-01-05T08:18:32","guid":{"rendered":"https:\/\/www.ailesevgisi.com\/?p=505"},"modified":"2026-01-05T08:18:34","modified_gmt":"2026-01-05T08:18:34","slug":"erdemlerimizle-variz","status":"publish","type":"post","link":"http:\/\/www.ailesevgisi.com\/index.php\/2026\/01\/05\/erdemlerimizle-variz\/","title":{"rendered":"ERDEMLER\u0130M\u0130ZLE VARIZ"},"content":{"rendered":"\n<p>Her \u00c7\u0130\u00c7EK bir do\u011fumdur. Yeni bir tutunu\u015f, yeni bir hayatt\u0131r ve bir tohumdur.<\/p>\n\n\n\n<p>B\u00fcy\u00fcmek geli\u015fmek g\u00fczellikler sunmak, hayat\u0131 g\u00fczel ve anlaml\u0131 k\u0131lmak i\u00e7in. Sevgi gibi, hatta sevginin bazen ad\u0131 bazen tarifidir \u00c7\u0130\u00c7EK.&nbsp;<\/p>\n\n\n\n<p>Bir \u00e7i\u00e7ek do\u011funca g\u00fczellik katar, g\u00fczellik sarar etraf\u0131na.<\/p>\n\n\n\n<p>\u201cSevgiler \u00c7i\u00e7ek gibi, soldurmayal\u0131m, hayat\u0131 bo\u015fluklara savurmayal\u0131m\u201d diyordu bir \u015fark\u0131da.<\/p>\n\n\n\n<p>Sevgi ekelim diyordu \u00c7\u0130\u00c7EK.<\/p>\n\n\n\n<p>B\u00fcy\u00fctmek i\u00e7in \u00e7ok b\u00fcy\u00fctmek i\u00e7in \u00e7i\u00e7ekleri gerekirdi erdemler insana.<\/p>\n\n\n\n<p>Belki de gerekliydi Erciyes\u2019in kar suyu.<\/p>\n\n\n\n<p>Kayserili g\u00fczel insanlar\u0131n s\u0131cakl\u0131\u011f\u0131.<\/p>\n\n\n\n<p>Belki daha da fazlas\u0131.<\/p>\n\n\n\n<p>Bir hayali vard\u0131 insan olman\u0131n insan kalman\u0131n sorumlulu\u011fu ile&nbsp;ta\u015f\u0131nmas\u0131 gereken de\u011ferlere, erdemlere, gen\u00e7lere, nesillere, \u00fclkesine.&nbsp;<\/p>\n\n\n\n<p>Bizi biz yapan pek \u00e7ok insan\u00ee de\u011ferin ortak ad\u0131yd\u0131&nbsp;erdemlerimiz.<\/p>\n\n\n\n<p>Elbette toplum olarak milletimizi \u00f6zel, k\u0131ymetli k\u0131lan mihenk ta\u015flar\u0131m\u0131zdan biriydi onlar. K\u00f6k\u00fcm\u00fczd\u00fc.<\/p>\n\n\n\n<p>K\u00f6ks\u00fcz \u00e7i\u00e7ek b\u00fcy\u00fcmezdi, g\u00fc\u00e7lenmezdi ku\u015fkusuz.<\/p>\n\n\n\n<p>K\u00f6k de\u011ferlerimiz bizim k\u00f6kenimizdi.&nbsp;<\/p>\n\n\n\n<p>Adalet, dostluk, d\u00fcr\u00fcstl\u00fck, \u00f6z denetim, sab\u0131r, sayg\u0131, sevgi, sorumluluk, vatanseverlik, yard\u0131mseverlik de\u011fil miydi bu erdemler?<\/p>\n\n\n\n<p>O halde bu bilin\u00e7le \u00e7ok \u00e7al\u0131\u015fmal\u0131yd\u0131. Buna \u00f6nc\u00fc olmak lokomotif olmak i\u00e7in yine bir \u00e7i\u00e7ek gerekliydi.<\/p>\n\n\n\n<p>O da buradayd\u0131.&nbsp;<\/p>\n\n\n\n<p>\u0130\u015fte&nbsp;\u201cERVA\u201d.<\/p>\n\n\n\n<p>Yani \u201cErdemlerimizle Var\u0131z\u201d<\/p>\n\n\n\n<p>Bu bilin\u00e7le do\u011fdu.<\/p>\n\n\n\n<p>K\u00f6kleri insanl\u0131k tarihinin ba\u015flang\u0131c\u0131na kadar uzanan T\u00fcrk Devletleri\u2019nin devam\u0131 olan T\u00fcrkiye Cumhuriyeti Devleti\u2019mizi koruman\u0131n en etkin yollar\u0131ndan biri de \u00f6z de\u011ferlerini tan\u0131yan ve erdemlerin k\u0131ymetini bilen nesiller yeti\u015ftirmekten ge\u00e7ti\u011fini idrak eden herkes art\u0131k fark ediyordu.<\/p>\n\n\n\n<p>Kayseri bir k\u0131v\u0131lc\u0131m olmal\u0131yd\u0131 ve t\u00fcm \u00fclkeyi sarmal\u0131yd\u0131 \u015f\u00fcphesiz.&nbsp;<\/p>\n\n\n\n<p>Te\u015fekk\u00fcrler G\u00f6kmen \u00c7i\u00e7ek.<\/p>\n\n\n\n<p>Yaln\u0131z de\u011filsiniz.<\/p>\n\n\n\n<p>\u201cErdemli olmak\u201d, insan\u0131n ve ya\u015fam\u0131n anlam\u0131 da oldu\u011fu gibi T\u00fcrk k\u00fclt\u00fcr\u00fcn\u00fcn k\u00f6kl\u00fc kavramlar\u0131ndand\u0131r.<\/p>\n\n\n\n<p>Bu yol hepimizin yoludur.<\/p>\n\n\n\n<p><strong>Nedret Demir<\/strong>\/ Yazar<\/p>\n\n\n\n<p>Gebze- 30\/12\/2025<\/p>\n\n\n\n\n\n<hr class=\"wp-block-separator has-alpha-channel-opacity\"\/>\n\n\n\n<figure class=\"wp-block-audio\"><audio controls src=\"https:\/\/www.ailesevgisi.com\/wp-content\/uploads\/2026\/01\/AUDIO-2025-12-31-07-34-42.mp3\"><\/audio><\/figure>\n\n\n\n<p><strong>ERVA&nbsp;&nbsp;&nbsp;&nbsp;&nbsp;&nbsp;&nbsp;&nbsp;&nbsp;&nbsp;&nbsp;&nbsp;&nbsp; &nbsp;&nbsp;&nbsp;&nbsp;&nbsp;&nbsp;&nbsp;&nbsp;&nbsp;&nbsp;&nbsp;&nbsp;&nbsp;&nbsp;&nbsp;&nbsp;<\/strong>S\u00f6z\/M\u00fczik:<strong>&nbsp;Nedret Demir<\/strong><\/p>\n\n\n\n<p>\u00c7i\u00e7ek a\u00e7t\u0131 g\u00f6r hele&nbsp;<\/p>\n\n\n\n<p>B\u00fcy\u00fcd\u00fc erdemlerle<\/p>\n\n\n\n<p>Bir \u00c7i\u00e7ek ekti yine, g\u00fczelim Kayseri\u2019de<\/p>\n\n\n\n<p>Su serpti ERVA ile, can oldu y\u00fcreklere<\/p>\n\n\n\n<p>Kan oldu hep gen\u00e7lere<\/p>\n\n\n\n<p>Filizlendi de\u011ferler&nbsp;<\/p>\n\n\n\n<p>B\u00fcy\u00fcyen t\u00fcm nesile<\/p>\n\n\n\n<p>Umut verdi gen\u00e7li\u011fe<\/p>\n\n\n\n<p>\u00dcmit oldu bak kalplere<\/p>\n\n\n\n<p>Girdi t\u00fcm g\u00f6n\u00fcllere<\/p>\n\n\n\n<p>Spor, k\u00fclt\u00fcr, emekle<\/p>\n\n\n\n<p>B\u00fcy\u00fcd\u00fc bak bu ilde<\/p>\n\n\n\n<p>Yay\u0131l\u0131r hi\u00e7 ku\u015fkusuz<\/p>\n\n\n\n<p>Yay\u0131l\u0131r bak \u00fclkeye<\/p>\n\n\n\n<p>Yay\u0131l\u0131r t\u00fcm \u00fclkeme<\/p>\n\n\n\n<p>Spor k\u00fclt\u00fcr de\u011ferle<\/p>\n\n\n\n<p>B\u00fcy\u00fct\u00fcl\u00fcr erdemler<\/p>\n\n\n\n<p>Biz sahip olunca &nbsp;<\/p>\n\n\n\n<p>Tuza\u011fa d\u00fc\u015fmez gen\u00e7ler&nbsp;<\/p>\n\n\n\n<p>Bizler destek olunca&nbsp;<\/p>\n\n\n\n<p>Oyuna gelmez gen\u00e7ler<\/p>\n\n\n\n<p>\u00c7al\u0131nmaz hi\u00e7 hayaller<\/p>\n\n\n\n<p>Meydan okur her \u015ferre<\/p>\n\n\n\n<p>ERVA ile birlikte<\/p>\n\n\n\n<p>T\u00fcm gen\u00e7ler hep zirvede<\/p>\n\n\n\n<p>ERVA ile birlikte<\/p>\n\n\n\n<p>T\u00fcm Kayseri el ele<\/p>\n\n\n\n<p>T\u00fcm T\u00fcrkiye el ele<\/p>\n\n\n\n<p>Yoksa erdemlerin, sen var m\u0131s\u0131n?&nbsp;haydi s\u00f6yle<\/p>\n\n\n\n<p>D\u00fc\u015f\u00fcn bir kere. Ancak verirsek el ele, meydan okunur her t\u00fcrl\u00fc k\u00f6t\u00fcl\u00fc\u011fe<\/p>\n\n\n\n<p>Yap\u0131lacak olan kenetlenmek<\/p>\n\n\n\n<p>Sporla k\u00fclt\u00fcrle meydan okuyarak<\/p>\n\n\n\n<p>Y\u00fcr\u00fcmeli hep birlikte ayd\u0131nl\u0131k gelece\u011fe<\/p>\n","protected":false},"excerpt":{"rendered":"<p>Her \u00c7\u0130\u00c7EK bir do\u011fumdur. Yeni bir tutunu\u015f, yeni bir hayatt\u0131r ve bir tohumdur. B\u00fcy\u00fcmek geli\u015fmek g\u00fczellikler sunmak, hayat\u0131 g\u00fczel ve anlaml\u0131 k\u0131lmak i\u00e7in. Sevgi gibi, hatta sevginin bazen ad\u0131 bazen tarifidir \u00c7\u0130\u00c7EK.&nbsp; Bir \u00e7i\u00e7ek do\u011funca g\u00fczellik katar, g\u00fczellik sarar etraf\u0131na. \u201cSevgiler \u00c7i\u00e7ek gibi, soldurmayal\u0131m, hayat\u0131 bo\u015fluklara savurmayal\u0131m\u201d diyordu bir \u015fark\u0131da. Sevgi ekelim diyordu \u00c7\u0130\u00c7EK. B\u00fcy\u00fctmek<\/p>\n","protected":false},"author":1,"featured_media":507,"comment_status":"open","ping_status":"open","sticky":false,"template":"","format":"standard","meta":{"footnotes":""},"categories":[8],"tags":[27],"class_list":["post-505","post","type-post","status-publish","format-standard","has-post-thumbnail","hentry","category-makaleler","tag-bagimlilikla-mucadele"],"_links":{"self":[{"href":"http:\/\/www.ailesevgisi.com\/index.php\/wp-json\/wp\/v2\/posts\/505","targetHints":{"allow":["GET"]}}],"collection":[{"href":"http:\/\/www.ailesevgisi.com\/index.php\/wp-json\/wp\/v2\/posts"}],"about":[{"href":"http:\/\/www.ailesevgisi.com\/index.php\/wp-json\/wp\/v2\/types\/post"}],"author":[{"embeddable":true,"href":"http:\/\/www.ailesevgisi.com\/index.php\/wp-json\/wp\/v2\/users\/1"}],"replies":[{"embeddable":true,"href":"http:\/\/www.ailesevgisi.com\/index.php\/wp-json\/wp\/v2\/comments?post=505"}],"version-history":[{"count":1,"href":"http:\/\/www.ailesevgisi.com\/index.php\/wp-json\/wp\/v2\/posts\/505\/revisions"}],"predecessor-version":[{"id":508,"href":"http:\/\/www.ailesevgisi.com\/index.php\/wp-json\/wp\/v2\/posts\/505\/revisions\/508"}],"wp:featuredmedia":[{"embeddable":true,"href":"http:\/\/www.ailesevgisi.com\/index.php\/wp-json\/wp\/v2\/media\/507"}],"wp:attachment":[{"href":"http:\/\/www.ailesevgisi.com\/index.php\/wp-json\/wp\/v2\/media?parent=505"}],"wp:term":[{"taxonomy":"category","embeddable":true,"href":"http:\/\/www.ailesevgisi.com\/index.php\/wp-json\/wp\/v2\/categories?post=505"},{"taxonomy":"post_tag","embeddable":true,"href":"http:\/\/www.ailesevgisi.com\/index.php\/wp-json\/wp\/v2\/tags?post=505"}],"curies":[{"name":"wp","href":"https:\/\/api.w.org\/{rel}","templated":true}]}}