{"id":515,"date":"2026-01-06T06:25:50","date_gmt":"2026-01-06T06:25:50","guid":{"rendered":"https:\/\/www.ailesevgisi.com\/?p=515"},"modified":"2026-01-06T06:25:52","modified_gmt":"2026-01-06T06:25:52","slug":"turk-dunyasinin-ornek-anasi","status":"publish","type":"post","link":"http:\/\/www.ailesevgisi.com\/index.php\/2026\/01\/06\/turk-dunyasinin-ornek-anasi\/","title":{"rendered":"T\u00dcRK D\u00dcNYASININ \u00d6RNEK ANASI"},"content":{"rendered":"\n<p>2025 A\u0130LE YILINDA 6 \u00c7OCUKLU \u00d6RNEK B\u0130R \u00d6ZBEK ANA \u0130LE BELGESEL TADINDA CANLI YAYIN T\u00dcRK D\u00dcNYASININ \u00d6RNEK ANASI \u00d6ZBEKISTANLI GAZETEC\u0130 YAZAR 6 \u00c7OCUK ANNES\u0130 K\u00dcLT\u00dcR VE SANAT \u0130NSANI \u0130K\u0130 \u00dcN\u0130VERS\u0130TE MEZUNU \u00c7OCUK DOKTRO MUZAZAM \u0130BRAH\u0130M \u0130LE A\u0130LE YILI DOLAYISI \u0130LE DEVR\u0130 ALEM BELGESEL TV PROGRAMI VE GEBZE GAZETES\u0130 BELGESEL TADINDA CANLI S\u00d6YLE\u015e\u0130 YAPTI\u00a0<\/p>\n\n\n\n<p><a href=\"https:\/\/www.facebook.com\/share\/v\/17WiwhWBTy\/?mibextid=wwXIfr\" target=\"_blank\" rel=\"noreferrer noopener\">https:\/\/www.facebook.com\/share\/v\/17WiwhWBTy\/?mibextid=wwXIfr<\/a>\u00a0<\/p>\n\n\n\n<p>MUAZZAM \u0130BRAH\u0130MOVA K\u0130MD\u0130R <\/p>\n\n\n\n<p>Muazzam \u0130brohimova (\u0130bragimova) \u00c7ocuk hekimi, psikolog, senarist, yazar, gazeteci, \u015fair, publisist 1975\u2019te Fergana vilayetinin Kuvasoy \u015fehrinde do\u011fdu. Ta\u015fkent Pediatri T\u0131p Enstit\u00fcs\u00fc mezunu. \u201cBe\u015fikteki Bey Bebem\u201d, \u201c\u0130ki Dost\u201d, \u201cBir G\u00f6n\u00fcl \u0130marat\u0131\u201d, \u201cSumalak Yiyen U\u00e7ak\u201d gibi kitaplar\u0131n ve bir\u00e7ok animasyon filminin senaristidir. 2016\u2019da \u201cY\u0131l\u0131n En \u0130yi Yazar\u0131\u201d \u00f6d\u00fcl\u00fcn\u00fc, 2018\u2019de \u201c\u00d6zbek Annesinin Bir G\u00fcn\u00fc\u201d belgeseliyle Uluslararas\u0131 Belgesel Film Festivali \u00f6d\u00fcl\u00fcn\u00fc kazand\u0131. ASKEF \u00d6zbekistan Ba\u015fkan\u0131, T\u00fcrk D\u00fcnyas\u0131 Belgesel Film Festivali Koordinat\u00f6r\u00fc ve T\u00fcrkiye Gazeteciler Cemiyeti\u2019nin \u00d6zbekistan temsilcisidir. K\u0131rg\u0131zistan Parlamentosu Kad\u0131nlar Konseyi\u2019nin \u201cDatka Ay\u0131m\u201d madalyas\u0131yla onurland\u0131r\u0131lm\u0131\u015ft\u0131r. Evli ve alt\u0131 \u00e7ocuk annesidir. <\/p>\n\n\n\n<p>MUAZZAM \u0130BRAH\u0130MOVA N\u0130N SOSYAL MEDYA HESABI\u00a0<\/p>\n\n\n\n<p><a href=\"https:\/\/www.facebook.com\/share\/p\/1G1AMxRxzU\/?mibextid=wwXIfr\" target=\"_blank\" rel=\"noreferrer noopener\">https:\/\/www.facebook.com\/share\/p\/1G1AMxRxzU\/?mibextid=wwXIfr<\/a><\/p>\n","protected":false},"excerpt":{"rendered":"<p>2025 A\u0130LE YILINDA 6 \u00c7OCUKLU \u00d6RNEK B\u0130R \u00d6ZBEK ANA \u0130LE BELGESEL TADINDA CANLI YAYIN T\u00dcRK D\u00dcNYASININ \u00d6RNEK ANASI \u00d6ZBEKISTANLI GAZETEC\u0130 YAZAR 6 \u00c7OCUK ANNES\u0130 K\u00dcLT\u00dcR VE SANAT \u0130NSANI \u0130K\u0130 \u00dcN\u0130VERS\u0130TE MEZUNU \u00c7OCUK DOKTRO MUZAZAM \u0130BRAH\u0130M \u0130LE A\u0130LE YILI DOLAYISI \u0130LE DEVR\u0130 ALEM BELGESEL TV PROGRAMI VE GEBZE GAZETES\u0130 BELGESEL TADINDA CANLI S\u00d6YLE\u015e\u0130 YAPTI\u00a0 https:\/\/www.facebook.com\/share\/v\/17WiwhWBTy\/?mibextid=wwXIfr\u00a0 MUAZZAM<\/p>\n","protected":false},"author":1,"featured_media":516,"comment_status":"open","ping_status":"open","sticky":false,"template":"","format":"standard","meta":{"footnotes":""},"categories":[3],"tags":[25],"class_list":["post-515","post","type-post","status-publish","format-standard","has-post-thumbnail","hentry","category-ailenin_onemi","tag-ailenin-onemi"],"_links":{"self":[{"href":"http:\/\/www.ailesevgisi.com\/index.php\/wp-json\/wp\/v2\/posts\/515","targetHints":{"allow":["GET"]}}],"collection":[{"href":"http:\/\/www.ailesevgisi.com\/index.php\/wp-json\/wp\/v2\/posts"}],"about":[{"href":"http:\/\/www.ailesevgisi.com\/index.php\/wp-json\/wp\/v2\/types\/post"}],"author":[{"embeddable":true,"href":"http:\/\/www.ailesevgisi.com\/index.php\/wp-json\/wp\/v2\/users\/1"}],"replies":[{"embeddable":true,"href":"http:\/\/www.ailesevgisi.com\/index.php\/wp-json\/wp\/v2\/comments?post=515"}],"version-history":[{"count":1,"href":"http:\/\/www.ailesevgisi.com\/index.php\/wp-json\/wp\/v2\/posts\/515\/revisions"}],"predecessor-version":[{"id":517,"href":"http:\/\/www.ailesevgisi.com\/index.php\/wp-json\/wp\/v2\/posts\/515\/revisions\/517"}],"wp:featuredmedia":[{"embeddable":true,"href":"http:\/\/www.ailesevgisi.com\/index.php\/wp-json\/wp\/v2\/media\/516"}],"wp:attachment":[{"href":"http:\/\/www.ailesevgisi.com\/index.php\/wp-json\/wp\/v2\/media?parent=515"}],"wp:term":[{"taxonomy":"category","embeddable":true,"href":"http:\/\/www.ailesevgisi.com\/index.php\/wp-json\/wp\/v2\/categories?post=515"},{"taxonomy":"post_tag","embeddable":true,"href":"http:\/\/www.ailesevgisi.com\/index.php\/wp-json\/wp\/v2\/tags?post=515"}],"curies":[{"name":"wp","href":"https:\/\/api.w.org\/{rel}","templated":true}]}}