{"id":518,"date":"2026-01-07T09:49:50","date_gmt":"2026-01-07T09:49:50","guid":{"rendered":"https:\/\/www.ailesevgisi.com\/?p=518"},"modified":"2026-01-07T09:50:20","modified_gmt":"2026-01-07T09:50:20","slug":"cayirova-fevzi-cakmak-anadolu-lisesinde-aile-sevgisi-semineri","status":"publish","type":"post","link":"http:\/\/www.ailesevgisi.com\/index.php\/2026\/01\/07\/cayirova-fevzi-cakmak-anadolu-lisesinde-aile-sevgisi-semineri\/","title":{"rendered":"\u00c7AYIROVA FEVZ\u0130 \u00c7AKMAK ANADOLU L\u0130SES\u0130&#8217;NDE A\u0130LE SEVG\u0130S\u0130 SEM\u0130NER\u0130"},"content":{"rendered":"\n<p>\u00c7ay\u0131rova milli e\u011fitim m\u00fcd\u00fcrl\u00fc\u011f\u00fcn\u00fcn ev sahipli\u011finde d\u00fczenlenen seminerde yap\u0131lan konu\u015fmalar ve sunum belgesel sinevizyon haline yay\u0131nland\u0131\u00a0<\/p>\n\n\n\n<p>\u00c7AYIROVA M\u0130LL\u0130 E\u011e\u0130T\u0130M M\u00dcD\u00dcRL\u00dc\u011e\u00dcN\u00dcN SOSYAL MEDYA PAYLA\u015eIMI Ba\u011f\u0131ml\u0131l\u0131kla M\u00fccadele ve Ailenin \u00d6nemi konulu seminer program\u0131 ba\u015far\u0131yla ger\u00e7ekle\u015ftirildi. \u0130l\u00e7e Mill\u00ee E\u011fitim M\u00fcd\u00fcr\u00fcm\u00fcz Recep Demir, \u0130l\u00e7e Emniyet M\u00fcd\u00fcr\u00fcm\u00fcz \u015eenol Toklu, Avrasya Gazeteciler Derne\u011fi Ba\u015fkan\u0131 \u0130smail Kahraman ve okul m\u00fcd\u00fcrlerimizin kat\u0131l\u0131m sa\u011flad\u0131\u011f\u0131 programda, aile kurumunun ba\u011f\u0131ml\u0131l\u0131kla m\u00fccadeledeki belirleyici rol\u00fc ele al\u0131nd\u0131. Program\u0131n ev sahipli\u011fini \u00fcstlenen \u00c7ay\u0131rova Fevzi \u00c7akmak Anadolu Lisesi idaresine, semineri ger\u00e7ekle\u015ftiren Sosyal Hizmet Uzman\u0131 Elif Arslan Polat\u2019a, katk\u0131 sunan t\u00fcm payda\u015flar\u0131m\u0131za ve kat\u0131l\u0131m sa\u011flayan de\u011ferli misafirlerimize te\u015fekk\u00fcr ederiz. Toplumsal fark\u0131ndal\u0131\u011f\u0131 g\u00fc\u00e7lendiren bu t\u00fcr \u00e7al\u0131\u015fmalar\u0131n artarak devam etmesini temenni ediyoruz. <\/p>\n\n\n\n<p>( Kaynak\u00a0<a href=\"https:\/\/www.facebook.com\/share\/v\/1aPoEajYBi\/?mibextid=wwXIfr\" target=\"_blank\" rel=\"noreferrer noopener\">https:\/\/www.facebook.com\/share\/v\/1aPoEajYBi\/?mibextid=wwXIfr<\/a>\u00a0) <\/p>\n\n\n\n<p>\u00c7AYIROVA M\u0130LL\u0130 E\u011e\u0130T\u0130M M\u00dcD\u00dcR\u00dc RECEP DEM\u0130R\u0130N KONU\u015eMASI CANLI YAYINLANDI\u00a0<\/p>\n\n\n\n<p><a href=\"https:\/\/www.facebook.com\/share\/v\/1HUqsGhv6c\/?mibextid=wwXIfr\" target=\"_blank\" rel=\"noreferrer noopener\">https:\/\/www.facebook.com\/share\/v\/1HUqsGhv6c\/?mibextid=wwXIfr<\/a>\u00a0<\/p>\n\n\n\n<p>\u00c7ay\u0131rova\u2019da \u201cBa\u011f\u0131ml\u0131l\u0131kla M\u00fccadelede Aile Sevgisinin \u00d6nemi\u201d Yar\u0131\u015fmas\u0131 Sonu\u00e7land\u0131 \u00c7ay\u0131rova \u0130l\u00e7e Milli E\u011fitim M\u00fcd\u00fcrl\u00fc\u011f\u00fc taraf\u0131ndan d\u00fczenlenen \u201cBa\u011f\u0131ml\u0131l\u0131kla M\u00fccadelede Aile Sevgisinin \u00d6nemi\u201d konulu resim, hikaye ve \u015fiir yar\u0131\u015fmas\u0131nda dereceye giren \u00f6\u011frenciler belli oldu. Gen\u00e7lerin ba\u011f\u0131ml\u0131l\u0131\u011fa kar\u015f\u0131 bilin\u00e7lendirilmesini hedefleyen yar\u0131\u015fmada, \u00fc\u00e7 farkl\u0131 kategoride yetenekler sergilendi. Dereceye Giren \u00d6\u011frenciler ve Okullar\u0131 \u0130lkokullar Aras\u0131 Resim Yar\u0131\u015fmas\u0131: Sahra Naz Bilici \u2013 Alparslan \u0130lkokulu Elif Nurselin \u00c7in \u2013 Ahmet Yesevi \u0130lkokulu Elif Nisa Erhal \u2013 T\u00fcrkan G\u00f6kt\u00fcrk \u0130lkokulu Ortaokullar Aras\u0131 Hikaye Yar\u0131\u015fmas\u0131: Melisa A\u011fa\u00e7 \u2013 Mustafa Necati Ortaokulu Asmin Aksoy \u2013 Mustafa Necati Ortaokulu Emine Omar \u2013 \u00c7ay\u0131rova K\u0131z Anadolu \u0130mam Hatip Lisesi (Ortaokul Kademesi) Liseler Aras\u0131 \u015eiir Yar\u0131\u015fmas\u0131: Zeynep \u0130kbal Sessiz \u2013 \u00c7ay\u0131rova Fevzi \u00c7akmak Anadolu Lisesi Emir \u00c7al\u0131k \u2013 Ertu\u011frul Kurdo\u011flu Anadolu Lisesi Muhammed Tahmaz \u2013 \u015eehit Er M\u00fccahit Okur Anadolu \u0130mam Hatip Lisesi Kazananlara Alt\u0131n \u00d6d\u00fcl\u00fc Yar\u0131\u015fma sonucunda b\u00fcy\u00fck ba\u015far\u0131 g\u00f6steren \u00f6\u011frencilerden birincilere 1 gram alt\u0131n, ikincilere yar\u0131m gram alt\u0131n, \u00fc\u00e7\u00fcnc\u00fclere ise \u00e7eyrek gram alt\u0131n \u00f6d\u00fcl\u00fc takdim edilecek. Sosyal sorumluluk bilincini sanatla birle\u015ftiren bu anlaml\u0131 etkinlik, il\u00e7edeki okullardan b\u00fcy\u00fck ilgi g\u00f6rd\u00fc.\u00a0<\/p>\n\n\n\n<p><a href=\"https:\/\/www.facebook.com\/share\/p\/18CwSHYeqk\/?mibextid=wwXIfr\" target=\"_blank\" rel=\"noreferrer noopener\">https:\/\/www.facebook.com\/share\/p\/18CwSHYeqk\/?mibextid=wwXIfr<\/a><\/p>\n\n\n\n<figure class=\"wp-block-embed is-type-video is-provider-youtube wp-block-embed-youtube wp-embed-aspect-16-9 wp-has-aspect-ratio\"><div class=\"wp-block-embed__wrapper\">\n<iframe loading=\"lazy\" title=\"Ba\u011f\u0131ml\u0131l\u0131kla M\u00fccadele ve Ailenin \u00d6nemi Semineri - Sosyal Hizmet Uzman\u0131 Elif Arslan Polat\" width=\"960\" height=\"540\" src=\"https:\/\/www.youtube.com\/embed\/HVcP_6b2Gvo?feature=oembed\" frameborder=\"0\" allow=\"accelerometer; autoplay; clipboard-write; encrypted-media; gyroscope; picture-in-picture; web-share\" referrerpolicy=\"strict-origin-when-cross-origin\" allowfullscreen><\/iframe>\n<\/div><\/figure>\n","protected":false},"excerpt":{"rendered":"<p>\u00c7ay\u0131rova milli e\u011fitim m\u00fcd\u00fcrl\u00fc\u011f\u00fcn\u00fcn ev sahipli\u011finde d\u00fczenlenen seminerde yap\u0131lan konu\u015fmalar ve sunum belgesel sinevizyon haline yay\u0131nland\u0131\u00a0 \u00c7AYIROVA M\u0130LL\u0130 E\u011e\u0130T\u0130M M\u00dcD\u00dcRL\u00dc\u011e\u00dcN\u00dcN SOSYAL MEDYA PAYLA\u015eIMI Ba\u011f\u0131ml\u0131l\u0131kla M\u00fccadele ve Ailenin \u00d6nemi konulu seminer program\u0131 ba\u015far\u0131yla ger\u00e7ekle\u015ftirildi. \u0130l\u00e7e Mill\u00ee E\u011fitim M\u00fcd\u00fcr\u00fcm\u00fcz Recep Demir, \u0130l\u00e7e Emniyet M\u00fcd\u00fcr\u00fcm\u00fcz \u015eenol Toklu, Avrasya Gazeteciler Derne\u011fi Ba\u015fkan\u0131 \u0130smail Kahraman ve okul m\u00fcd\u00fcrlerimizin kat\u0131l\u0131m sa\u011flad\u0131\u011f\u0131<\/p>\n","protected":false},"author":1,"featured_media":519,"comment_status":"open","ping_status":"open","sticky":false,"template":"","format":"standard","meta":{"footnotes":""},"categories":[3,4],"tags":[25,27],"class_list":["post-518","post","type-post","status-publish","format-standard","has-post-thumbnail","hentry","category-ailenin_onemi","category-bagimlilikla_mucadele","tag-ailenin-onemi","tag-bagimlilikla-mucadele"],"_links":{"self":[{"href":"http:\/\/www.ailesevgisi.com\/index.php\/wp-json\/wp\/v2\/posts\/518","targetHints":{"allow":["GET"]}}],"collection":[{"href":"http:\/\/www.ailesevgisi.com\/index.php\/wp-json\/wp\/v2\/posts"}],"about":[{"href":"http:\/\/www.ailesevgisi.com\/index.php\/wp-json\/wp\/v2\/types\/post"}],"author":[{"embeddable":true,"href":"http:\/\/www.ailesevgisi.com\/index.php\/wp-json\/wp\/v2\/users\/1"}],"replies":[{"embeddable":true,"href":"http:\/\/www.ailesevgisi.com\/index.php\/wp-json\/wp\/v2\/comments?post=518"}],"version-history":[{"count":2,"href":"http:\/\/www.ailesevgisi.com\/index.php\/wp-json\/wp\/v2\/posts\/518\/revisions"}],"predecessor-version":[{"id":522,"href":"http:\/\/www.ailesevgisi.com\/index.php\/wp-json\/wp\/v2\/posts\/518\/revisions\/522"}],"wp:featuredmedia":[{"embeddable":true,"href":"http:\/\/www.ailesevgisi.com\/index.php\/wp-json\/wp\/v2\/media\/519"}],"wp:attachment":[{"href":"http:\/\/www.ailesevgisi.com\/index.php\/wp-json\/wp\/v2\/media?parent=518"}],"wp:term":[{"taxonomy":"category","embeddable":true,"href":"http:\/\/www.ailesevgisi.com\/index.php\/wp-json\/wp\/v2\/categories?post=518"},{"taxonomy":"post_tag","embeddable":true,"href":"http:\/\/www.ailesevgisi.com\/index.php\/wp-json\/wp\/v2\/tags?post=518"}],"curies":[{"name":"wp","href":"https:\/\/api.w.org\/{rel}","templated":true}]}}