{"id":523,"date":"2026-01-12T07:21:01","date_gmt":"2026-01-12T07:21:01","guid":{"rendered":"https:\/\/www.ailesevgisi.com\/?p=523"},"modified":"2026-01-12T10:00:48","modified_gmt":"2026-01-12T10:00:48","slug":"nedret-demirden-aile-sarkisi","status":"publish","type":"post","link":"http:\/\/www.ailesevgisi.com\/index.php\/2026\/01\/12\/nedret-demirden-aile-sarkisi\/","title":{"rendered":"Aile Sevgisi ve Gen\u00e7lerimiz"},"content":{"rendered":"\n<p>T.C. \u0130\u00e7i\u015fleri Bakanl\u0131\u011f\u0131 Sivil Toplumla \u0130li\u015fkiler Genel M\u00fcd\u00fcrl\u00fc\u011f\u00fc Proje Destek Sistemi (PRODES) kapsam\u0131nda desteklenmeye hak kazanan, Avrasya Gazeteciler Derne\u011fi\u2019nin y\u00fcr\u00fct\u00fcc\u00fcl\u00fc\u011f\u00fcn\u00fc \u00fcstlendi\u011fi ve \u0130lim K\u00fclt\u00fcr Tarih ve Teknoloji Ara\u015ft\u0131rma Merkezi K\u00fct\u00fcphanesi payda\u015fl\u0131\u011f\u0131nda ger\u00e7ekle\u015ftirilecek olan \u201cAilenin \u00d6nemi ve Ba\u011f\u0131ml\u0131l\u0131kla M\u00fccadele: Sa\u011fl\u0131kl\u0131 Bir Gelecek \u0130\u00e7in El Ele\u201d ba\u015fl\u0131kl\u0131 projesi kapsam\u0131nda planlanan ve gen\u00e7lerin ba\u011f\u0131ml\u0131l\u0131kla m\u00fccadele fark\u0131ndal\u0131\u011f\u0131n\u0131 art\u0131rmay\u0131 hedefleyen temel faaliyetlerden biri olan, \u00f6\u011frencilere ve gen\u00e7lere y\u00f6nelik \u201cBa\u011f\u0131ml\u0131l\u0131kla M\u00fccadelede Aile Sevgisinin \u00d6nemi\u201dni vurgulamak i\u00e7in \u015fair, yazar ve besteci Nedret Demir, \u201cA\u0130LE\u201d adl\u0131 bir \u015fiir yazd\u0131 ve bu \u015fiirini yapaz zeka yard\u0131m\u0131yla besteledi.<\/p>\n\n\n\n<p>A\u0130LE<\/p>\n\n\n\n<p>Kurulur o sevgiyle, korunmal\u0131d\u0131r \u00f6zenle<br>Gelece\u011fe g\u00fcvende, temel elbet aile<br>Sab\u0131r, sevgi, destekle, olmal\u0131 hep el ele<br>G\u00fczel bir d\u00fcnya i\u00e7in, en de\u011ferli aile<\/p>\n\n\n\n<p>F\u0131rt\u0131nal\u0131 g\u00fcnlerde, sa\u011flam liman aile<br>En masumca haliyle, sarar seni aile<br>Onlar verir el ele, \u015ferle eder m\u00fccadele<br>S\u0131n\u0131rs\u0131z bir sevgiyle, ba\u011fl\u0131d\u0131r bak aile<\/p>\n\n\n\n<p>Kavgas\u0131 var \u015firretle, hudutsuz bir destekle<br>Zalimlere k\u00f6stekle, hep seninle aile<br>Ko\u015fulsuz sevgi ile, f\u0131rsat vermez rezile<br>Huzura o vesile, en de\u011ferli \u015fey aile<\/p>\n\n\n\n<p>Kar\u015f\u0131 koyar her engele, birliktedir m\u00fccadele<br>Onda biter her mesele, kenetlenir aile<br>\u00c7ocu\u011fa \u015fefkat ile, b\u00fcy\u00fc\u011fe de h\u00fcrmetle<br>Hep beraber el ele, \u00e7ok g\u00fczeldir aile<\/p>\n\n\n\n<p>Ne yapsalar nafile, y\u0131k\u0131lmaz ki bu kale<br>Mutlulu\u011fa vesile, sevgi dolu aile<br>Huzura o vesile, k\u0131ymetlidir aile<br>Hep \u00f6nemli aile, hep yan\u0131nda aile<br>Hep seninle aile, en \u00f6nemli aile<\/p>\n\n\n\n<p>Unutma sak\u0131n!<br>Her t\u00fcrl\u00fc madde ba\u011f\u0131ml\u0131l\u0131\u011f\u0131<br>Al\u0131r g\u00f6t\u00fcr\u00fcr bizden sa\u011fl\u0131\u011f\u0131<br>Kopar\u0131p gider ailede ba\u011fl\u0131l\u0131\u011f\u0131<br>Var eder toplumda \u00e7aresiz hastal\u0131\u011f\u0131<br>O halde;<br>Ba\u011f\u0131ml\u0131l\u0131ktan kurtulu\u015f re\u00e7eten belli<br>Art\u0131r ailende ba\u011fl\u0131l\u0131\u011f\u0131<br>Bitir her t\u00fcrl\u00fc maddeye ba\u011f\u0131ml\u0131l\u0131\u011f\u0131<\/p>\n\n\n\n<figure class=\"wp-block-embed is-type-video is-provider-youtube wp-block-embed-youtube wp-embed-aspect-16-9 wp-has-aspect-ratio\"><div class=\"wp-block-embed__wrapper\">\n<iframe loading=\"lazy\" title=\"A\u0130LE   Nedret Demir\" width=\"960\" height=\"540\" src=\"https:\/\/www.youtube.com\/embed\/3q1hzb0ui6c?feature=oembed\" frameborder=\"0\" allow=\"accelerometer; autoplay; clipboard-write; encrypted-media; gyroscope; picture-in-picture; web-share\" referrerpolicy=\"strict-origin-when-cross-origin\" allowfullscreen><\/iframe>\n<\/div><\/figure>\n","protected":false},"excerpt":{"rendered":"<p>T.C. \u0130\u00e7i\u015fleri Bakanl\u0131\u011f\u0131 Sivil Toplumla \u0130li\u015fkiler Genel M\u00fcd\u00fcrl\u00fc\u011f\u00fc Proje Destek Sistemi (PRODES) kapsam\u0131nda desteklenmeye hak kazanan, Avrasya Gazeteciler Derne\u011fi\u2019nin y\u00fcr\u00fct\u00fcc\u00fcl\u00fc\u011f\u00fcn\u00fc \u00fcstlendi\u011fi ve \u0130lim K\u00fclt\u00fcr Tarih ve Teknoloji Ara\u015ft\u0131rma Merkezi K\u00fct\u00fcphanesi payda\u015fl\u0131\u011f\u0131nda ger\u00e7ekle\u015ftirilecek olan \u201cAilenin \u00d6nemi ve Ba\u011f\u0131ml\u0131l\u0131kla M\u00fccadele: Sa\u011fl\u0131kl\u0131 Bir Gelecek \u0130\u00e7in El Ele\u201d ba\u015fl\u0131kl\u0131 projesi kapsam\u0131nda planlanan ve gen\u00e7lerin ba\u011f\u0131ml\u0131l\u0131kla m\u00fccadele fark\u0131ndal\u0131\u011f\u0131n\u0131 art\u0131rmay\u0131 hedefleyen<\/p>\n","protected":false},"author":1,"featured_media":524,"comment_status":"open","ping_status":"open","sticky":false,"template":"","format":"standard","meta":{"footnotes":""},"categories":[3],"tags":[25],"class_list":["post-523","post","type-post","status-publish","format-standard","has-post-thumbnail","hentry","category-ailenin_onemi","tag-ailenin-onemi"],"_links":{"self":[{"href":"http:\/\/www.ailesevgisi.com\/index.php\/wp-json\/wp\/v2\/posts\/523","targetHints":{"allow":["GET"]}}],"collection":[{"href":"http:\/\/www.ailesevgisi.com\/index.php\/wp-json\/wp\/v2\/posts"}],"about":[{"href":"http:\/\/www.ailesevgisi.com\/index.php\/wp-json\/wp\/v2\/types\/post"}],"author":[{"embeddable":true,"href":"http:\/\/www.ailesevgisi.com\/index.php\/wp-json\/wp\/v2\/users\/1"}],"replies":[{"embeddable":true,"href":"http:\/\/www.ailesevgisi.com\/index.php\/wp-json\/wp\/v2\/comments?post=523"}],"version-history":[{"count":2,"href":"http:\/\/www.ailesevgisi.com\/index.php\/wp-json\/wp\/v2\/posts\/523\/revisions"}],"predecessor-version":[{"id":527,"href":"http:\/\/www.ailesevgisi.com\/index.php\/wp-json\/wp\/v2\/posts\/523\/revisions\/527"}],"wp:featuredmedia":[{"embeddable":true,"href":"http:\/\/www.ailesevgisi.com\/index.php\/wp-json\/wp\/v2\/media\/524"}],"wp:attachment":[{"href":"http:\/\/www.ailesevgisi.com\/index.php\/wp-json\/wp\/v2\/media?parent=523"}],"wp:term":[{"taxonomy":"category","embeddable":true,"href":"http:\/\/www.ailesevgisi.com\/index.php\/wp-json\/wp\/v2\/categories?post=523"},{"taxonomy":"post_tag","embeddable":true,"href":"http:\/\/www.ailesevgisi.com\/index.php\/wp-json\/wp\/v2\/tags?post=523"}],"curies":[{"name":"wp","href":"https:\/\/api.w.org\/{rel}","templated":true}]}}