{"id":533,"date":"2026-01-16T07:56:38","date_gmt":"2026-01-16T07:56:38","guid":{"rendered":"https:\/\/www.ailesevgisi.com\/?p=533"},"modified":"2026-01-16T13:14:40","modified_gmt":"2026-01-16T13:14:40","slug":"kocaeli-daricada-ailenin-onemi-ve-bagimlilikla-mucadelesaglikli-bir-gelecek-icin-el-ele-odul-toreni-ilce-milli-egitim-mudurlugunde-gerceklestirildi","status":"publish","type":"post","link":"http:\/\/www.ailesevgisi.com\/index.php\/2026\/01\/16\/kocaeli-daricada-ailenin-onemi-ve-bagimlilikla-mucadelesaglikli-bir-gelecek-icin-el-ele-odul-toreni-ilce-milli-egitim-mudurlugunde-gerceklestirildi\/","title":{"rendered":"KOCAEL\u0130 DARICA\u2019DA \u201cA\u0130LEN\u0130N \u00d6NEM\u0130 VE BA\u011eIMLILIKLA M\u00dcCADELE:SA\u011eLIKLI B\u0130R GELECEK \u0130\u00c7\u0130N EL ELE\u201d\u00a0 \u00d6D\u00dcL T\u00d6REN\u0130 \u0130L\u00c7E M\u0130LL\u0130 E\u011e\u0130T\u0130M M\u00dcD\u00dcRL\u00dc\u011e\u00dcNDE GER\u00c7EKLE\u015eT\u0130R\u0130LD\u0130"},"content":{"rendered":"\n<p>Dar\u0131ca \u0130l\u00e7e Milli E\u011fitim m\u00fcd\u00fcrl\u00fc\u011f\u00fcnde yap\u0131lan &#8220;Ailenin \u00d6nemi ve Ba\u011f\u0131ml\u0131l\u0131kla M\u00fccadele: Sa\u011fl\u0131kl\u0131 Bir Gelecek \u0130\u00e7in El Ele&#8221; projenin \u00f6d\u00fcl t\u00f6reninde sadece \u00f6\u011frencilere de\u011fil, aile kavram\u0131n\u0131 \u00f6ne \u00e7\u0131karmak amac\u0131 ile velilere de ufak hediyeler verildi.<\/p>\n\n\n\n<figure class=\"wp-block-video\"><video height=\"1080\" style=\"aspect-ratio: 1920 \/ 1080;\" width=\"1920\" controls src=\"https:\/\/www.ailesevgisi.com\/wp-content\/uploads\/2026\/01\/darica-milli-egitim-muduru.mp4\"><\/video><\/figure>\n\n\n\n<p>Aile toplumun temel yap\u0131 ta\u015flar\u0131ndan biridir. Her birey toplum ve kendi i\u00e7in at\u0131lan ilk tohumlar\u0131 buradan al\u0131r. \u0130nsan\u0131n gelece\u011fini ailesi belirler de diyebiliriz. Bundan dolay\u0131 ailenin sa\u011flaml\u0131\u011f\u0131 toplumun sa\u011flaml\u0131\u011f\u0131d\u0131r. Aile yap\u0131s\u0131 g\u00fc\u00e7s\u00fcz olan bireylerin ba\u011f\u0131ml\u0131l\u0131k gibi k\u00f6t\u00fc al\u0131\u015fkanl\u0131klara d\u00fc\u015fmesi daha \u00e7ok olas\u0131d\u0131r. G\u00fcn\u00fcm\u00fczde internet kullan\u0131m\u0131n\u0131n \u00e7o\u011falmas\u0131, insanlar\u0131n yaln\u0131zla\u015fmaya ba\u015flamas\u0131 biraz da ailelerde ki ba\u011f kopukluklar\u0131ndan kaynakl\u0131d\u0131r.<\/p>\n\n\n\n<p>\u0130\u015fte bu de\u011fi\u015fim ve d\u00f6n\u00fc\u015f\u00fcmler aile ve toplumlarda ciddi sanc\u0131lara ve k\u0131r\u0131lmalara neden oldu.<\/p>\n\n\n\n<p>Peki bundan nas\u0131l kurtulaca\u011f\u0131z? Buradan \u00e7\u0131k\u0131\u015f re\u00e7etemiz belli. Aile i\u00e7i ili\u015fkilerimizi en \u00fcst seviye sevgi ve sayg\u0131 \u00f6l\u00e7\u00fcs\u00fcnde kenetlenerek y\u00fcr\u00fctmek zorunday\u0131z. De\u011ferlerimize ve erdemlerimize biz sahip \u00e7\u0131k\u0131p ailemize \u00e7ocuklar\u0131m\u0131za bunlar\u0131 aktarmal\u0131y\u0131z. Her t\u00fcrl\u00fc ba\u011f\u0131ml\u0131l\u0131ktan kurtulmak i\u00e7in ailede s\u0131ms\u0131k\u0131 ba\u011flanmal\u0131y\u0131z. En \u00f6nemli g\u00fcndemimiz aile.<\/p>\n\n\n\n<figure class=\"wp-block-image size-large\"><img loading=\"lazy\" decoding=\"async\" width=\"1024\" height=\"768\" src=\"https:\/\/www.ailesevgisi.com\/wp-content\/uploads\/2026\/01\/6f0d7bf6-50ec-435b-93be-d224d3e09499-1024x768.jpg\" alt=\"\" class=\"wp-image-536\" srcset=\"http:\/\/www.ailesevgisi.com\/wp-content\/uploads\/2026\/01\/6f0d7bf6-50ec-435b-93be-d224d3e09499-1024x768.jpg 1024w, http:\/\/www.ailesevgisi.com\/wp-content\/uploads\/2026\/01\/6f0d7bf6-50ec-435b-93be-d224d3e09499-300x225.jpg 300w, http:\/\/www.ailesevgisi.com\/wp-content\/uploads\/2026\/01\/6f0d7bf6-50ec-435b-93be-d224d3e09499-768x576.jpg 768w, http:\/\/www.ailesevgisi.com\/wp-content\/uploads\/2026\/01\/6f0d7bf6-50ec-435b-93be-d224d3e09499-1536x1152.jpg 1536w, http:\/\/www.ailesevgisi.com\/wp-content\/uploads\/2026\/01\/6f0d7bf6-50ec-435b-93be-d224d3e09499-640x480.jpg 640w, http:\/\/www.ailesevgisi.com\/wp-content\/uploads\/2026\/01\/6f0d7bf6-50ec-435b-93be-d224d3e09499-1000x750.jpg 1000w, http:\/\/www.ailesevgisi.com\/wp-content\/uploads\/2026\/01\/6f0d7bf6-50ec-435b-93be-d224d3e09499.jpg 2048w\" sizes=\"auto, (max-width: 1024px) 100vw, 1024px\" \/><\/figure>\n\n\n\n<p>Bu g\u00fcndem kapsam\u0131nda 14 Ocak 2026\u2019da T.C. \u0130\u00e7i\u015fleri Bakanl\u0131\u011f\u0131 Sivil Toplumla \u0130li\u015fkiler Genel M\u00fcd\u00fcrl\u00fc\u011f\u00fc -PRODES-kapsam\u0131nda desteklenmeye hak kazanan, Avrasya Gazeteciler Derne\u011fi\u2019nin y\u00fcr\u00fct\u00fcc\u00fcl\u00fc\u011f\u00fcn\u00fc \u00fcstlendi\u011fi ve \u0130lim K\u00fclt\u00fcr Tarih ve Teknoloji Ara\u015ft\u0131rma Merkezi K\u00fct\u00fcphanesi payda\u015fl\u0131\u011f\u0131nda ger\u00e7ekle\u015ftirilen &#8220;Ailenin \u00d6nemi ve Ba\u011f\u0131ml\u0131l\u0131kla M\u00fccadele: Sa\u011fl\u0131kl\u0131 Bir Gelecek \u0130\u00e7in El Ele&#8221; ba\u015fl\u0131kl\u0131 projesi kapsam\u0131nda<a href=\"http:\/\/www.ailesevgisi.com\"> <\/a><a href=\"http:\/\/www.ailesevgisi.com\">www.ailesevgisi.com<\/a>; internet adresi \u00fczerinden yap\u0131lan resim &#8211; hik\u00e2ye-\u015fiir-k\u0131sa film yar\u0131\u015fmalar\u0131nda dereceye giren \u00f6\u011frencilerin \u00f6d\u00fcl t\u00f6renine Dar\u0131ca il\u00e7esinde Milli E\u011fitim M\u00fcd\u00fcrl\u00fc\u011f\u00fc ev sahipli\u011fi yapt\u0131.<\/p>\n\n\n\n<p>\u201cAilenin \u00d6nemi ve Ba\u011f\u0131ml\u0131l\u0131kla M\u00fccadele: Sa\u011fl\u0131kl\u0131 Bir Gelecek \u0130\u00e7in El Ele\u201d yar\u0131\u015fmas\u0131nda kazananlar \u00f6d\u00fclleri ile bulu\u015ftu. Dar\u0131ca Milli E\u011fitim M\u00fcd\u00fcrl\u00fc\u011f\u00fcnde d\u00fczenlenen \u00f6d\u00fcl t\u00f6renine \u0130l\u00e7e Milli E\u011fitim M\u00fcd\u00fcr\u00fc Murat Balay, Gebze Gazetesi kurucusu \u0130smail Kahraman, Gazetemiz yazarlar\u0131ndan Nedret demir ve bir\u00e7ok okulun m\u00fcd\u00fcr\u00fc kat\u0131ld\u0131. \u00d6d\u00fcl t\u00f6reni bu proje i\u00e7in Uluslararas\u0131 sanat ve k\u00fclt\u00fcr insan\u0131 Nedret DEM\u0130R taraf\u0131ndan \u00f6zel olarak yaz\u0131lan s\u00f6z ve m\u00fczi\u011fini Sn. Demir&#8217;in yapt\u0131\u011f\u0131 , video klip y\u00f6netmenli\u011fini de Kubilay Binen\u2019e ait olan \u201cA\u0130LE\u201d adl\u0131 ese izlenerek ba\u015flad\u0131.<\/p>\n\n\n\n<figure class=\"wp-block-embed is-type-wp-embed is-provider-ai-le-sevgi-si wp-block-embed-ai-le-sevgi-si\"><div class=\"wp-block-embed__wrapper\">\n<blockquote class=\"wp-embedded-content\" data-secret=\"YlfBjXPbmm\"><a href=\"https:\/\/www.ailesevgisi.com\/index.php\/2026\/01\/12\/nedret-demirden-aile-sarkisi\/\">Aile Sevgisi ve Gen\u00e7lerimiz<\/a><\/blockquote><iframe loading=\"lazy\" class=\"wp-embedded-content\" sandbox=\"allow-scripts\" security=\"restricted\" style=\"position: absolute; visibility: hidden;\" title=\"&#8220;Aile Sevgisi ve Gen\u00e7lerimiz&#8221; &#8212; A\u0130LE SEVG\u0130S\u0130\" src=\"https:\/\/www.ailesevgisi.com\/index.php\/2026\/01\/12\/nedret-demirden-aile-sarkisi\/embed\/#?secret=Ods4SyV4oA#?secret=YlfBjXPbmm\" data-secret=\"YlfBjXPbmm\" width=\"600\" height=\"338\" frameborder=\"0\" marginwidth=\"0\" marginheight=\"0\" scrolling=\"no\"><\/iframe>\n<\/div><\/figure>\n\n\n\n<p>Ba\u011f\u0131ml\u0131l\u0131k al\u0131\u015fkanl\u0131\u011f\u0131n\u0131n k\u00f6t\u00fcl\u00fc\u011f\u00fcnden ve ailenin ne kadar \u00f6nemli oldu\u011funu vurgulayan \u201cAilenin \u00d6nemi ve Ba\u011f\u0131ml\u0131l\u0131kla M\u00fccadele: Sa\u011fl\u0131kl\u0131 Bir Gelecek \u0130\u00e7in El Ele\u201d yar\u0131\u015fmas\u0131na ortaokul ve lise \u00f6\u011frencileri kat\u0131l\u0131m g\u00f6sterdi. \u00d6\u011frenciler ve velileri 14 Ocak 2026 tarihinde \u00f6d\u00fcllerini almak i\u00e7in Dar\u0131ca Milli E\u011fitim M\u00fcd\u00fcrl\u00fc\u011f\u00fcndeydi.<\/p>\n\n\n\n<p>Yap\u0131lan \u00f6d\u00fcl t\u00f6reninden \u00f6nce konu\u015fma yapan \u0130l\u00e7e Milli E\u011fitim M\u00fcd\u00fcr\u00fc Murat Balay yar\u0131\u015fmada ba\u015far\u0131 sa\u011flayan \u00f6\u011frencileri tebrik etti. 2025 y\u0131l\u0131n\u0131n aile y\u0131l\u0131 ilan edilmesinden sonra her y\u0131l aile y\u0131l\u0131 olmas\u0131 gerekti\u011fini s\u00f6yledi. Konu\u015fmas\u0131nda aile kavram\u0131na yer veren Balay \u201cBizi bir arada tutan en g\u00fc\u00e7l\u00fc yan\u0131m\u0131z ailedir\u201d dedi.<\/p>\n\n\n\n<p>D\u00fczenlenen \u00f6d\u00fcl t\u00f6reninde resim kategorisinde derece yapan Zeynep Zehra Aslan, Rua Darzani, Ey\u00fcp Arpac\u0131, \u00c7i\u00e7ek G\u00fclmehmet, \u015eiir kategorisinde Dar\u0131ca il\u00e7esinden Y\u00fcksel Ya\u011fmur Urhan, Zeynep Ilg\u0131n \u00d6zbek\u2019 okul m\u00fcd\u00fcrleri ve Murat Balay taraf\u0131ndan alt\u0131n ve ba\u015far\u0131 belgesi \u00f6d\u00fclleri verildi. Kazanan \u00f6\u011frencilerin yan\u0131 s\u0131ra aile kavram\u0131n\u0131 bir kez daha ne kadar \u00f6nemli oldu\u011funu vurgulamak i\u00e7in kat\u0131l\u0131m g\u00f6steren velilere de hediyeler ve plaket verildi. Projeyi destekleyip, \u00f6\u011frencilere bu imkan\u0131 sundu\u011fu i\u00e7in gazeteci, belgeselci \u0130smail Kahraman taraf\u0131ndan, \u0130l\u00e7e Milli E\u011fitim M\u00fcd\u00fcr\u00fc Murat Balay\u2019a da plaket verildi.<\/p>\n\n\n\n<figure class=\"wp-block-image size-large\"><img loading=\"lazy\" decoding=\"async\" width=\"1024\" height=\"768\" src=\"https:\/\/www.ailesevgisi.com\/wp-content\/uploads\/2026\/01\/79aba26d-6b0d-4c97-a655-50a03aba301e-1024x768.jpg\" alt=\"\" class=\"wp-image-537\" srcset=\"http:\/\/www.ailesevgisi.com\/wp-content\/uploads\/2026\/01\/79aba26d-6b0d-4c97-a655-50a03aba301e-1024x768.jpg 1024w, http:\/\/www.ailesevgisi.com\/wp-content\/uploads\/2026\/01\/79aba26d-6b0d-4c97-a655-50a03aba301e-300x225.jpg 300w, http:\/\/www.ailesevgisi.com\/wp-content\/uploads\/2026\/01\/79aba26d-6b0d-4c97-a655-50a03aba301e-768x576.jpg 768w, http:\/\/www.ailesevgisi.com\/wp-content\/uploads\/2026\/01\/79aba26d-6b0d-4c97-a655-50a03aba301e-1536x1152.jpg 1536w, http:\/\/www.ailesevgisi.com\/wp-content\/uploads\/2026\/01\/79aba26d-6b0d-4c97-a655-50a03aba301e-640x480.jpg 640w, http:\/\/www.ailesevgisi.com\/wp-content\/uploads\/2026\/01\/79aba26d-6b0d-4c97-a655-50a03aba301e-1000x750.jpg 1000w, http:\/\/www.ailesevgisi.com\/wp-content\/uploads\/2026\/01\/79aba26d-6b0d-4c97-a655-50a03aba301e.jpg 2048w\" sizes=\"auto, (max-width: 1024px) 100vw, 1024px\" \/><\/figure>\n","protected":false},"excerpt":{"rendered":"<p>Dar\u0131ca \u0130l\u00e7e Milli E\u011fitim m\u00fcd\u00fcrl\u00fc\u011f\u00fcnde yap\u0131lan &#8220;Ailenin \u00d6nemi ve Ba\u011f\u0131ml\u0131l\u0131kla M\u00fccadele: Sa\u011fl\u0131kl\u0131 Bir Gelecek \u0130\u00e7in El Ele&#8221; projenin \u00f6d\u00fcl t\u00f6reninde sadece \u00f6\u011frencilere de\u011fil, aile kavram\u0131n\u0131 \u00f6ne \u00e7\u0131karmak amac\u0131 ile velilere de ufak hediyeler verildi. Aile toplumun temel yap\u0131 ta\u015flar\u0131ndan biridir. Her birey toplum ve kendi i\u00e7in at\u0131lan ilk tohumlar\u0131 buradan al\u0131r. \u0130nsan\u0131n gelece\u011fini ailesi belirler<\/p>\n","protected":false},"author":1,"featured_media":535,"comment_status":"open","ping_status":"open","sticky":false,"template":"","format":"standard","meta":{"footnotes":""},"categories":[3,4],"tags":[25,27],"class_list":["post-533","post","type-post","status-publish","format-standard","has-post-thumbnail","hentry","category-ailenin_onemi","category-bagimlilikla_mucadele","tag-ailenin-onemi","tag-bagimlilikla-mucadele"],"_links":{"self":[{"href":"http:\/\/www.ailesevgisi.com\/index.php\/wp-json\/wp\/v2\/posts\/533","targetHints":{"allow":["GET"]}}],"collection":[{"href":"http:\/\/www.ailesevgisi.com\/index.php\/wp-json\/wp\/v2\/posts"}],"about":[{"href":"http:\/\/www.ailesevgisi.com\/index.php\/wp-json\/wp\/v2\/types\/post"}],"author":[{"embeddable":true,"href":"http:\/\/www.ailesevgisi.com\/index.php\/wp-json\/wp\/v2\/users\/1"}],"replies":[{"embeddable":true,"href":"http:\/\/www.ailesevgisi.com\/index.php\/wp-json\/wp\/v2\/comments?post=533"}],"version-history":[{"count":3,"href":"http:\/\/www.ailesevgisi.com\/index.php\/wp-json\/wp\/v2\/posts\/533\/revisions"}],"predecessor-version":[{"id":544,"href":"http:\/\/www.ailesevgisi.com\/index.php\/wp-json\/wp\/v2\/posts\/533\/revisions\/544"}],"wp:featuredmedia":[{"embeddable":true,"href":"http:\/\/www.ailesevgisi.com\/index.php\/wp-json\/wp\/v2\/media\/535"}],"wp:attachment":[{"href":"http:\/\/www.ailesevgisi.com\/index.php\/wp-json\/wp\/v2\/media?parent=533"}],"wp:term":[{"taxonomy":"category","embeddable":true,"href":"http:\/\/www.ailesevgisi.com\/index.php\/wp-json\/wp\/v2\/categories?post=533"},{"taxonomy":"post_tag","embeddable":true,"href":"http:\/\/www.ailesevgisi.com\/index.php\/wp-json\/wp\/v2\/tags?post=533"}],"curies":[{"name":"wp","href":"https:\/\/api.w.org\/{rel}","templated":true}]}}