{"id":552,"date":"2026-01-17T07:42:57","date_gmt":"2026-01-17T07:42:57","guid":{"rendered":"https:\/\/www.ailesevgisi.com\/?p=552"},"modified":"2026-01-18T07:55:47","modified_gmt":"2026-01-18T07:55:47","slug":"kocaeli-milletvekili-radiye-sezer-katircioglundan-aile-yili-mesaji","status":"publish","type":"post","link":"http:\/\/www.ailesevgisi.com\/index.php\/2026\/01\/17\/kocaeli-milletvekili-radiye-sezer-katircioglundan-aile-yili-mesaji\/","title":{"rendered":"Kocaeli Milletvekili Radiye Sezer KATIRCIO\u011eLU&#8217;ndan Aile Y\u0131l\u0131 Mesaj\u0131"},"content":{"rendered":"\n<p>Kocaeli Milletvekili,T.B.M.M. \u00c7ocuklara Kar\u015f\u0131 \u015eiddet Ve \u0130stismar\u0131 Ara\u015ft\u0131rma Komisyonu Ba\u015fkanvekili ve<br>\u0130nsan Haklar\u0131n\u0131 \u0130nceleme Komisyonu \u00dcyesi Radiye Sezer KATIRCIO\u011eLU, Kocaeli b\u00f6lgesinin tek \u00f6zel ara\u015ft\u0131rma merkezi k\u00fct\u00fcphanesi olan Gebze&#8217;deki \u0130lim K\u00fclt\u00fcr Tarih ve Teknoloji Ara\u015ft\u0131rmalar\u0131 Merkezi K\u00fct\u00fcphanesi&#8217;ni ziyaret ederek, meclis \u00e7al\u0131\u015fmalar\u0131 ile ilgili bilgi verdi. <\/p>\n\n\n\n<figure class=\"wp-block-image size-large\"><img loading=\"lazy\" decoding=\"async\" width=\"1024\" height=\"768\" src=\"https:\/\/www.ailesevgisi.com\/wp-content\/uploads\/2026\/01\/558917255_18545747584003854_881821316414098033_n-1024x768.jpg\" alt=\"\" class=\"wp-image-554\" srcset=\"http:\/\/www.ailesevgisi.com\/wp-content\/uploads\/2026\/01\/558917255_18545747584003854_881821316414098033_n-1024x768.jpg 1024w, http:\/\/www.ailesevgisi.com\/wp-content\/uploads\/2026\/01\/558917255_18545747584003854_881821316414098033_n-300x225.jpg 300w, http:\/\/www.ailesevgisi.com\/wp-content\/uploads\/2026\/01\/558917255_18545747584003854_881821316414098033_n-768x576.jpg 768w, http:\/\/www.ailesevgisi.com\/wp-content\/uploads\/2026\/01\/558917255_18545747584003854_881821316414098033_n-640x480.jpg 640w, http:\/\/www.ailesevgisi.com\/wp-content\/uploads\/2026\/01\/558917255_18545747584003854_881821316414098033_n-1000x750.jpg 1000w, http:\/\/www.ailesevgisi.com\/wp-content\/uploads\/2026\/01\/558917255_18545747584003854_881821316414098033_n.jpg 1440w\" sizes=\"auto, (max-width: 1024px) 100vw, 1024px\" \/><\/figure>\n\n\n\n<p>\u0130KTAV Ara\u015ft\u0131rma Merkezi K\u00fct\u00fcphanesi ve Avrasya Gazeteciler Derne\u011fi genel ba\u015fkan\u0131 \u0130smail Kahraman, Aile Y\u0131l\u0131 dolay\u0131s\u0131yla T.C. \u0130\u00e7i\u015fleri Bakanl\u0131\u011f\u0131 Sivil Toplumla \u0130li\u015fkiler Genel M\u00fcd\u00fcrl\u00fc\u011f\u00fc Proje Destek Sistemi (PRODES) kapsam\u0131nda desteklenmeye hak kazanan, Avrasya Gazeteciler Derne\u011fi\u2019nin y\u00fcr\u00fct\u00fcc\u00fcl\u00fc\u011f\u00fcn\u00fc \u00fcstlendi\u011fi ve \u0130lim K\u00fclt\u00fcr Tarih ve Teknoloji Ara\u015ft\u0131rma Merkezi K\u00fct\u00fcphanesi payda\u015fl\u0131\u011f\u0131nda ger\u00e7ekle\u015ftirilecek olan \u201cAilenin \u00d6nemi ve Ba\u011f\u0131ml\u0131l\u0131kla M\u00fccadele: Sa\u011fl\u0131kl\u0131 Bir Gelecek \u0130\u00e7in El Ele\u201d ba\u015fl\u0131kl\u0131 proje hakk\u0131nda kendisine bilgi verdi.<\/p>\n\n\n\n<iframe loading=\"lazy\" src=\"https:\/\/www.facebook.com\/plugins\/video.php?height=315&#038;href=https%3A%2F%2Fwww.facebook.com%2Freel%2F1962138434337446%2F&#038;show_text=false&#038;width=560&#038;t=0\" width=\"560\" height=\"315\" style=\"border:none;overflow:hidden\" scrolling=\"no\" frameborder=\"0\" allowfullscreen=\"true\" allow=\"autoplay; clipboard-write; encrypted-media; picture-in-picture; web-share\" allowFullScreen=\"true\"><\/iframe>\n\n\n\n<figure class=\"wp-block-image size-large\"><img loading=\"lazy\" decoding=\"async\" width=\"1024\" height=\"768\" src=\"https:\/\/www.ailesevgisi.com\/wp-content\/uploads\/2026\/01\/559697639_18545747482003854_5291973114225690728_n-1024x768.jpg\" alt=\"\" class=\"wp-image-555\" srcset=\"http:\/\/www.ailesevgisi.com\/wp-content\/uploads\/2026\/01\/559697639_18545747482003854_5291973114225690728_n-1024x768.jpg 1024w, http:\/\/www.ailesevgisi.com\/wp-content\/uploads\/2026\/01\/559697639_18545747482003854_5291973114225690728_n-300x225.jpg 300w, http:\/\/www.ailesevgisi.com\/wp-content\/uploads\/2026\/01\/559697639_18545747482003854_5291973114225690728_n-768x576.jpg 768w, http:\/\/www.ailesevgisi.com\/wp-content\/uploads\/2026\/01\/559697639_18545747482003854_5291973114225690728_n-640x480.jpg 640w, http:\/\/www.ailesevgisi.com\/wp-content\/uploads\/2026\/01\/559697639_18545747482003854_5291973114225690728_n-1000x750.jpg 1000w, http:\/\/www.ailesevgisi.com\/wp-content\/uploads\/2026\/01\/559697639_18545747482003854_5291973114225690728_n.jpg 1440w\" sizes=\"auto, (max-width: 1024px) 100vw, 1024px\" \/><\/figure>\n\n\n\n<p>Milletvekili Sezer, Aile Y\u0131l\u0131&#8217;n\u0131n \u00e7ok \u00f6nemli oldu\u011funa dikkat \u00e7ekerek ailelerin birlikte kitap okumas\u0131n\u0131, bo\u015f zamanlarda ya\u015fad\u0131klar\u0131 \u015fehri gezip tan\u0131malar\u0131na el sanatlar\u0131 ve k\u00fclt\u00fcrel de\u011ferlerin gen\u00e7lere tan\u0131t\u0131lmas\u0131n\u0131 \u00f6nerdi. Milletvekili Sezer, ayr\u0131ca \u0130KTAV Ara\u015ft\u0131rma Merkezi&#8217;ndeki Hereke ipek hal\u0131 tezgah\u0131 ile ilgili bilgi alarak, hal\u0131c\u0131l\u0131\u011f\u0131n \u00f6nemine dikakt \u00e7ekti. K\u00fct\u00fcphanede a\u00e7\u0131lan deprem sergisini gezerek, sergide yer alan deprem ar\u015fivini inceledi.<\/p>\n\n\n\n<figure class=\"wp-block-embed is-type-video is-provider-youtube wp-block-embed-youtube wp-embed-aspect-16-9 wp-has-aspect-ratio\"><div class=\"wp-block-embed__wrapper\">\n<iframe loading=\"lazy\" title=\"Altay Dag\u0306lar\u0131&#039;ndan Hereke&#039;ye I\u0307PEK HALININ TARI\u0307HI\u0307 (\u00d6d\u00fcll\u00fc Belgesel) | THE HISTORY OF SILK CARPET\" width=\"960\" height=\"540\" src=\"https:\/\/www.youtube.com\/embed\/n4Zc76A5Xe0?feature=oembed\" frameborder=\"0\" allow=\"accelerometer; autoplay; clipboard-write; encrypted-media; gyroscope; picture-in-picture; web-share\" referrerpolicy=\"strict-origin-when-cross-origin\" allowfullscreen><\/iframe>\n<\/div><\/figure>\n\n\n\n<p><\/p>\n","protected":false},"excerpt":{"rendered":"<p>Kocaeli Milletvekili,T.B.M.M. \u00c7ocuklara Kar\u015f\u0131 \u015eiddet Ve \u0130stismar\u0131 Ara\u015ft\u0131rma Komisyonu Ba\u015fkanvekili ve\u0130nsan Haklar\u0131n\u0131 \u0130nceleme Komisyonu \u00dcyesi Radiye Sezer KATIRCIO\u011eLU, Kocaeli b\u00f6lgesinin tek \u00f6zel ara\u015ft\u0131rma merkezi k\u00fct\u00fcphanesi olan Gebze&#8217;deki \u0130lim K\u00fclt\u00fcr Tarih ve Teknoloji Ara\u015ft\u0131rmalar\u0131 Merkezi K\u00fct\u00fcphanesi&#8217;ni ziyaret ederek, meclis \u00e7al\u0131\u015fmalar\u0131 ile ilgili bilgi verdi. \u0130KTAV Ara\u015ft\u0131rma Merkezi K\u00fct\u00fcphanesi ve Avrasya Gazeteciler Derne\u011fi genel ba\u015fkan\u0131 \u0130smail Kahraman,<\/p>\n","protected":false},"author":1,"featured_media":553,"comment_status":"open","ping_status":"open","sticky":false,"template":"","format":"standard","meta":{"footnotes":""},"categories":[3],"tags":[25],"class_list":["post-552","post","type-post","status-publish","format-standard","has-post-thumbnail","hentry","category-ailenin_onemi","tag-ailenin-onemi"],"_links":{"self":[{"href":"http:\/\/www.ailesevgisi.com\/index.php\/wp-json\/wp\/v2\/posts\/552","targetHints":{"allow":["GET"]}}],"collection":[{"href":"http:\/\/www.ailesevgisi.com\/index.php\/wp-json\/wp\/v2\/posts"}],"about":[{"href":"http:\/\/www.ailesevgisi.com\/index.php\/wp-json\/wp\/v2\/types\/post"}],"author":[{"embeddable":true,"href":"http:\/\/www.ailesevgisi.com\/index.php\/wp-json\/wp\/v2\/users\/1"}],"replies":[{"embeddable":true,"href":"http:\/\/www.ailesevgisi.com\/index.php\/wp-json\/wp\/v2\/comments?post=552"}],"version-history":[{"count":3,"href":"http:\/\/www.ailesevgisi.com\/index.php\/wp-json\/wp\/v2\/posts\/552\/revisions"}],"predecessor-version":[{"id":575,"href":"http:\/\/www.ailesevgisi.com\/index.php\/wp-json\/wp\/v2\/posts\/552\/revisions\/575"}],"wp:featuredmedia":[{"embeddable":true,"href":"http:\/\/www.ailesevgisi.com\/index.php\/wp-json\/wp\/v2\/media\/553"}],"wp:attachment":[{"href":"http:\/\/www.ailesevgisi.com\/index.php\/wp-json\/wp\/v2\/media?parent=552"}],"wp:term":[{"taxonomy":"category","embeddable":true,"href":"http:\/\/www.ailesevgisi.com\/index.php\/wp-json\/wp\/v2\/categories?post=552"},{"taxonomy":"post_tag","embeddable":true,"href":"http:\/\/www.ailesevgisi.com\/index.php\/wp-json\/wp\/v2\/tags?post=552"}],"curies":[{"name":"wp","href":"https:\/\/api.w.org\/{rel}","templated":true}]}}