{"id":563,"date":"2026-01-17T09:03:46","date_gmt":"2026-01-17T09:03:46","guid":{"rendered":"https:\/\/www.ailesevgisi.com\/?p=563"},"modified":"2026-01-17T09:03:47","modified_gmt":"2026-01-17T09:03:47","slug":"kocaeli-milletvekili-cemil-yamandan-aile-mesaji","status":"publish","type":"post","link":"http:\/\/www.ailesevgisi.com\/index.php\/2026\/01\/17\/kocaeli-milletvekili-cemil-yamandan-aile-mesaji\/","title":{"rendered":"Kocaeli Milletvekili Cemil YAMAN&#8217;dan Aile Mesaj\u0131"},"content":{"rendered":"\n<p>Kocaeli&#8217;nin ilk ara\u015ft\u0131rma merkezi k\u00fct\u00fcphanesini ziyaret eden Kocaeli Milletvekili ve T.B.M.M. G\u00fcvenlik Ve \u0130stihbarat Komisyonu Katip \u00dcyesi Cemil Yaman, 2025 Aile Y\u0131l\u0131 dolay\u0131s\u0131yla \u00e7ok \u00f6nemli \u00e7al\u0131\u015famalr yap\u0131ld\u0131\u011f\u0131na dikkat \u00e7ekerek her g\u00fcn bir\u00e7ok telebizyonda yay\u0131nlanan Devri Alem belgesel y\u00f6netmeni ve Avrasya Gazeteciler Derne\u011fi ba\u015fkan\u0131 \u0130smail Kahraman&#8217;\u0131n sorular\u0131n\u0131 cevaplad\u0131. Cemil Yaman \u015funlar\u0131 s\u00f6yledi:<\/p>\n\n\n\n<figure class=\"wp-block-image size-large\"><img loading=\"lazy\" decoding=\"async\" width=\"768\" height=\"1024\" src=\"http:\/\/www.ailesevgisi.com\/wp-content\/uploads\/2026\/01\/547680739_3319694588185125_2500603663672458032_n-768x1024.jpg\" alt=\"\" class=\"wp-image-564\" srcset=\"http:\/\/www.ailesevgisi.com\/wp-content\/uploads\/2026\/01\/547680739_3319694588185125_2500603663672458032_n-768x1024.jpg 768w, http:\/\/www.ailesevgisi.com\/wp-content\/uploads\/2026\/01\/547680739_3319694588185125_2500603663672458032_n-225x300.jpg 225w, http:\/\/www.ailesevgisi.com\/wp-content\/uploads\/2026\/01\/547680739_3319694588185125_2500603663672458032_n-1152x1536.jpg 1152w, http:\/\/www.ailesevgisi.com\/wp-content\/uploads\/2026\/01\/547680739_3319694588185125_2500603663672458032_n.jpg 1536w\" sizes=\"auto, (max-width: 768px) 100vw, 768px\" \/><\/figure>\n\n\n\n<p>&#8220;Say\u0131n Cumhurba\u015fkan\u0131m\u0131z\u0131n talimat\u0131yla 2025 Aile Y\u0131l\u0131 ilan edilmesiyle bir\u00e7ok kurum ve kurulu\u015fumuz bu konuda \u00e7ok \u00f6nemli \u00e7al\u0131\u015fmalar yapt\u0131. Sadece bir y\u0131la de\u011fil bu \u00e7al\u0131\u015fmay\u0131 t\u00fcm y\u0131llara yaymak gerekiyor. Aile Y\u0131l\u0131 dolay\u0131s\u0131yla aile bireyleri birlikte fidan dikmeli. Bu konuda Tar\u0131m ve ORman Bakan\u0131 ve di\u011fer yetkililerle g\u00f6r\u00fc\u015fmeler yapaca\u011f\u0131m. Her y\u0131l d\u00fczenlenen fidan dikme kampanyalar\u0131nda ailelerin kat\u0131lmas\u0131 gerekti\u011fini s\u00f6yledi.&#8221;<\/p>\n\n\n\n<p>\u0130lim K\u00fclt\u00fcr Tarih ve Teknoloji Ara\u015ft\u0131rma Merkezi K\u00fct\u00fcphanesi&#8217;nin de payda\u015f\u0131 oldu\u011fu T.C. \u0130\u00e7i\u015fleri Bakanl\u0131\u011f\u0131 Sivil Toplumla \u0130li\u015fkiler Genel M\u00fcd\u00fcrl\u00fc\u011f\u00fc Proje Destek Sistemi (PRODES) kapsam\u0131nda desteklenen, Avrasya Gazeteciler Derne\u011fi\u2019nin y\u00fcr\u00fct\u00fcc\u00fcl\u00fc\u011f\u00fcn\u00fc \u00fcstlendi\u011fi \u201cAilenin \u00d6nemi ve Ba\u011f\u0131ml\u0131l\u0131kla M\u00fccadele: Sa\u011fl\u0131kl\u0131 Bir Gelecek \u0130\u00e7in El Ele\u201d (ailesevgisi.com) ba\u015fl\u0131kl\u0131 projesiyle ilgili yap\u0131lan \u00e7al\u0131\u015fmalar konusunda \u0130smail Kahraman, Milletvekili Yaman&#8217;a ayr\u0131nt\u0131l\u0131 bilgi verdi.<\/p>\n\n\n\n<figure class=\"wp-block-embed is-type-video is-provider-youtube wp-block-embed-youtube wp-embed-aspect-16-9 wp-has-aspect-ratio\"><div class=\"wp-block-embed__wrapper\">\n<iframe loading=\"lazy\" title=\"Kocaeli Milletvekili Cemil YAMAN&#039;dan Aile Mesaj\u0131\" width=\"960\" height=\"540\" src=\"https:\/\/www.youtube.com\/embed\/YTOzCU-EzXI?feature=oembed\" frameborder=\"0\" allow=\"accelerometer; autoplay; clipboard-write; encrypted-media; gyroscope; picture-in-picture; web-share\" referrerpolicy=\"strict-origin-when-cross-origin\" allowfullscreen><\/iframe>\n<\/div><\/figure>\n","protected":false},"excerpt":{"rendered":"<p>Kocaeli&#8217;nin ilk ara\u015ft\u0131rma merkezi k\u00fct\u00fcphanesini ziyaret eden Kocaeli Milletvekili ve T.B.M.M. G\u00fcvenlik Ve \u0130stihbarat Komisyonu Katip \u00dcyesi Cemil Yaman, 2025 Aile Y\u0131l\u0131 dolay\u0131s\u0131yla \u00e7ok \u00f6nemli \u00e7al\u0131\u015famalr yap\u0131ld\u0131\u011f\u0131na dikkat \u00e7ekerek her g\u00fcn bir\u00e7ok telebizyonda yay\u0131nlanan Devri Alem belgesel y\u00f6netmeni ve Avrasya Gazeteciler Derne\u011fi ba\u015fkan\u0131 \u0130smail Kahraman&#8217;\u0131n sorular\u0131n\u0131 cevaplad\u0131. Cemil Yaman \u015funlar\u0131 s\u00f6yledi: &#8220;Say\u0131n Cumhurba\u015fkan\u0131m\u0131z\u0131n talimat\u0131yla 2025<\/p>\n","protected":false},"author":1,"featured_media":565,"comment_status":"open","ping_status":"open","sticky":false,"template":"","format":"standard","meta":{"footnotes":""},"categories":[3],"tags":[25],"class_list":["post-563","post","type-post","status-publish","format-standard","has-post-thumbnail","hentry","category-ailenin_onemi","tag-ailenin-onemi"],"_links":{"self":[{"href":"http:\/\/www.ailesevgisi.com\/index.php\/wp-json\/wp\/v2\/posts\/563","targetHints":{"allow":["GET"]}}],"collection":[{"href":"http:\/\/www.ailesevgisi.com\/index.php\/wp-json\/wp\/v2\/posts"}],"about":[{"href":"http:\/\/www.ailesevgisi.com\/index.php\/wp-json\/wp\/v2\/types\/post"}],"author":[{"embeddable":true,"href":"http:\/\/www.ailesevgisi.com\/index.php\/wp-json\/wp\/v2\/users\/1"}],"replies":[{"embeddable":true,"href":"http:\/\/www.ailesevgisi.com\/index.php\/wp-json\/wp\/v2\/comments?post=563"}],"version-history":[{"count":1,"href":"http:\/\/www.ailesevgisi.com\/index.php\/wp-json\/wp\/v2\/posts\/563\/revisions"}],"predecessor-version":[{"id":566,"href":"http:\/\/www.ailesevgisi.com\/index.php\/wp-json\/wp\/v2\/posts\/563\/revisions\/566"}],"wp:featuredmedia":[{"embeddable":true,"href":"http:\/\/www.ailesevgisi.com\/index.php\/wp-json\/wp\/v2\/media\/565"}],"wp:attachment":[{"href":"http:\/\/www.ailesevgisi.com\/index.php\/wp-json\/wp\/v2\/media?parent=563"}],"wp:term":[{"taxonomy":"category","embeddable":true,"href":"http:\/\/www.ailesevgisi.com\/index.php\/wp-json\/wp\/v2\/categories?post=563"},{"taxonomy":"post_tag","embeddable":true,"href":"http:\/\/www.ailesevgisi.com\/index.php\/wp-json\/wp\/v2\/tags?post=563"}],"curies":[{"name":"wp","href":"https:\/\/api.w.org\/{rel}","templated":true}]}}