{"id":66,"date":"2025-01-09T06:54:49","date_gmt":"2025-01-09T06:54:49","guid":{"rendered":"https:\/\/newsmagazinexpro.kinsta.cloud\/demo\/?p=66"},"modified":"2025-11-06T08:03:48","modified_gmt":"2025-11-06T08:03:48","slug":"ilk-ogretmenim-ailem","status":"publish","type":"post","link":"http:\/\/www.ailesevgisi.com\/index.php\/2025\/01\/09\/ilk-ogretmenim-ailem\/","title":{"rendered":"&#8220;\u0130lk \u00d6\u011fretmenim Ailem&#8221; Mobil Uygulamas\u0131 Hayata Ge\u00e7irildi"},"content":{"rendered":"\n<p>Aile ve Sosyal Hizmetler Bakan\u0131m\u0131z Mahinur \u00d6zdemir G\u00f6kta\u015f, &#8220;\u0130lk \u00d6\u011fretmenim Ailem&#8221; mobil uygulamas\u0131n\u0131n tan\u0131t\u0131m program\u0131nda, ba\u015fvurular\u0131 8 Nisan&#8217;dan itibaren e-Devlet \u00fczerinden al\u0131nan do\u011fum yard\u0131m\u0131na \u015fu ana kadar 18 bin 227 ki\u015finin ba\u015fvurdu\u011funu bildirdi<\/p>\n\n\n\n<p>Bakan G\u00f6kta\u015f, Bakanl\u0131kta aileler ve \u00e7ocuklar\u0131n kat\u0131l\u0131m\u0131yla d\u00fczenlenen &#8220;\u0130lk \u00d6\u011fretmenim Ailem&#8221; mobil uygulamas\u0131n\u0131n tan\u0131t\u0131m program\u0131na kat\u0131ld\u0131.<\/p>\n\n\n\n<p>Buradaki konu\u015fmas\u0131nda aileler i\u00e7in dijital bir rehber olma \u00f6zelli\u011fi ta\u015f\u0131yan mobil uygulaman\u0131n hay\u0131rl\u0131 olmas\u0131n\u0131 dileyen G\u00f6kta\u015f, uygulaman\u0131n, anne-babalara \u00e7ocuklar\u0131n\u0131 ilk kucaklar\u0131na ald\u0131klar\u0131 andan itibaren destek olmak amac\u0131yla tasarland\u0131\u011f\u0131n\u0131 belirtti.<\/p>\n\n\n\n<p>&#8220;\u0130lk \u00d6\u011fretmenim Ailem&#8221; mobil uygulamas\u0131nda, anne ve babalar\u0131n olumlu ebeveynlik becerilerini geli\u015ftirmeye, ebeveynleri&nbsp;\u00e7ocuk&nbsp;geli\u015fimi hakk\u0131nda bilgilendirmeye ve aileleri g\u00fc\u00e7lendirmeye y\u00f6nelik i\u00e7erikler olu\u015fturuldu\u011funu anlatan G\u00f6kta\u015f, e\u011fitimin, okul s\u0131ralar\u0131nda de\u011fil, ailede ba\u015flad\u0131\u011f\u0131na dikkati \u00e7ekti.<\/p>\n\n\n\n<p>Bakan G\u00f6kta\u015f, &#8220;Her anne-baba, \u00e7ocu\u011funun ilk ve en etkili \u00f6\u011fretmenidir. \u00d6te yandan&nbsp;\u00e7ocuk&nbsp;sahibi olmak, \u00e7iftlerin ya\u015fam\u0131nda b\u00fcy\u00fck de\u011fi\u015fimleri de beraberinde getirir, sorumluluklar\u0131n\u0131 art\u0131r\u0131r. Anne-babal\u0131\u011fa dair d\u00fc\u015f\u00fcnceler ve \u00e7ocu\u011fa y\u00fcklenen anlamlar, ebeveynlik tarz\u0131n\u0131 \u015fekillendirir. Di\u011fer yandan anne ve baban\u0131n bilin\u00e7li olmas\u0131, \u00e7ocu\u011fun sosyal, duygusal ve bili\u015fsel ihtiya\u00e7lar\u0131n\u0131n do\u011fru kar\u015f\u0131lamas\u0131n\u0131 da sa\u011flar.&#8221; de\u011ferlendirmesinde bulundu.<\/p>\n\n\n\n<p><strong>Aileler, uygulama \u00fczerinden uzmanlara sorular\u0131n\u0131 y\u00f6neltebilecek<\/strong><\/p>\n\n\n\n<p>\u00c7ocuklar\u0131n sa\u011fl\u0131kl\u0131 geli\u015fimini desteklemenin bilgi, beceri ve de\u011ferlerinin temellerini olu\u015fturaca\u011f\u0131n\u0131 vurgulayan G\u00f6kta\u015f, &#8220;\u00c7ocuklar\u0131n\u0131n ihtiya\u00e7lar\u0131n\u0131 iyi anlayan ve bilin\u00e7li kararlar alan ebeveynler, sadece kendi ailelerine de\u011fil, toplumun huzur ve refah\u0131na da katk\u0131 sa\u011flar. Bu anlamda \u00e7ocukluk d\u00f6nemine y\u00f6nelik giri\u015fimler, sa\u011fl\u0131kl\u0131 toplumlar\u0131n olu\u015fmas\u0131nda kritik \u00f6neme sahiptir. \u0130\u015fte bu ger\u00e7ek, bizleri &#8216;\u0130lk \u00d6\u011fretmenim Ailem&#8217; uygulamas\u0131n\u0131 geli\u015ftirmeye y\u00f6neltti.&#8221; diye konu\u015ftu.<\/p>\n\n\n\n<p>Bakan G\u00f6kta\u015f, uygulamayla ailelere sunulan hizmetler hakk\u0131nda, \u015fu bilgileri payla\u015ft\u0131:<\/p>\n\n\n\n<p>&#8220;Her \u015feyden \u00f6nce anne ve babalara, \u00e7ocuklar\u0131n geli\u015fimini takip edebilme imkan\u0131 sunuyor. Bunun yan\u0131 s\u0131ra uygulamada,&nbsp;\u00e7ocuk&nbsp;geli\u015fimi hakk\u0131nda temel bilgilerle, pozitif anne, babal\u0131k becerilerini desteklemeye y\u00f6nelik \u00f6neriler yer al\u0131yor. Ebeveynler, dijitalin d\u0131\u015f\u0131nda \u00e7ocu\u011fun geli\u015fim d\u00f6nemine uygun ve ailece yapabilecekleri bilgilere ve aktivite \u00f6nerilerine ula\u015fabiliyor. Bebek bekleyen aileler i\u00e7in, do\u011fuma haz\u0131rl\u0131k, gebelik d\u00f6nemi g\u00fcnl\u00fck ya\u015fam ve psikolojik de\u011fi\u015fimler gibi konularda bilgilendirici i\u00e7erikler sunuyor.&#8221;<\/p>\n\n\n\n<p>Sadece anneler i\u00e7in de\u011fil babalar i\u00e7in de \u00f6zel bir b\u00f6l\u00fcm haz\u0131rland\u0131\u011f\u0131n\u0131 belirten G\u00f6kta\u015f, ailelerin, uygulama \u00fczerinden&nbsp;\u00e7ocuk&nbsp;geli\u015fimi, ergenlik ve aile i\u00e7i konulara dair soru ve sorunlar\u0131n\u0131 interaktif \u015fekilde uzmanlara iletip cevap alabileceklerini s\u00f6yledi.<\/p>\n\n\n\n<p>G\u00f6kta\u015f, uygulamayla ayn\u0131 zamanda, evlilik, ileti\u015fim, \u00e7at\u0131\u015fma \u00e7\u00f6z\u00fcm\u00fc ve stresle ba\u015f etme gibi konularda pratik bilgiler sunuldu\u011funu anlatarak, &#8220;\u0130lk \u00d6\u011fretmenim Ailem&#8217; mobil uygulamas\u0131 ailelere rehber olacak bilgilere kolayl\u0131kla eri\u015fim imkan\u0131 tan\u0131yor. B\u00f6ylece bu uygulama ile ailelere aktif kullanabilecekleri bir e\u011fitim platformu sunuyoruz, \u00e7ocuklar\u0131m\u0131z\u0131n hayat\u0131n\u0131 daha g\u00fc\u00e7l\u00fc ve bilin\u00e7li bireyler olarak s\u00fcrd\u00fcrmelerini hedefliyoruz.&#8221; ifadelerini kulland\u0131.<\/p>\n\n\n\n<p><strong>&#8220;Do\u011fum yard\u0131m\u0131 i\u00e7in 18 bin 227 ba\u015fvuru yap\u0131ld\u0131&#8221;<\/strong><\/p>\n\n\n\n<p>Bakan G\u00f6kta\u015f, konu\u015fmas\u0131nda, ba\u015fvurular\u0131 8 Nisan&#8217;dan itibaren e-Devlet \u00fczerinden al\u0131nan do\u011fum yard\u0131mlar\u0131n\u0131n \u015fu ana kadar olan ba\u015fvuru rakamlar\u0131n\u0131 da a\u00e7\u0131klad\u0131.<\/p>\n\n\n\n<p>Bu y\u0131l\u0131n &#8220;Aile Y\u0131l\u0131&#8221; olarak ilan edildi\u011fini an\u0131msatarak, Ailenin Korunmas\u0131 ve G\u00fc\u00e7lendirilmesi Vizyon Belgesi ve Eylem Plan\u0131&#8217;n\u0131n en g\u00fc\u00e7l\u00fc yol haritalar\u0131 oldu\u011funu vurgulayan G\u00f6kta\u015f, \u015funlar\u0131 kaydetti:<\/p>\n\n\n\n<p>&#8220;2025 Aile Y\u0131l\u0131&#8217;nda, aileyi g\u00fc\u00e7lendiren ve destekleyen bir\u00e7ok yeni politikalar\u0131 ve faaliyetleri hayata ge\u00e7iriyoruz. Bu \u00e7al\u0131\u015fmalardan en \u00f6nemlilerinden biri do\u011fum yard\u0131m\u0131, miktar\u0131n\u0131 g\u00fcncelledik ve geli\u015ftirdik. Bildi\u011finiz \u00fczere ge\u00e7ti\u011fimiz ay do\u011fum yard\u0131m\u0131n\u0131 i\u00e7eren kanun teklifi, Gazi Meclis&#8217;imizde kabul edilerek yasala\u015ft\u0131. 8 Nisan&#8217;da da do\u011fum yard\u0131m\u0131 ba\u015fvurular\u0131n\u0131 e-Devlet \u00fczerinden almaya ba\u015flad\u0131k. Bug\u00fcn de Do\u011fum Yard\u0131m\u0131 Y\u00f6netmeli\u011fimiz Resmi Gazete&#8217;de yay\u0131mland\u0131. Bug\u00fcn itibariyle 18 bin 227 vatanda\u015f\u0131m\u0131z ba\u015fvuruda bulundu.<\/p>\n\n\n\n<p>&#8216;\u0130lk \u00d6\u011fretmenim Ailem&#8217; uygulamas\u0131 \u00fczerinden de do\u011fum yard\u0131m\u0131 ba\u015fvurular\u0131n\u0131 alaca\u011f\u0131z. Bu ilgi, milletimizin aileye verdi\u011fi \u00f6nemin ve devletimizin sundu\u011fu desteklere olan g\u00fcvenin en a\u00e7\u0131k g\u00f6stergesidir. Aile Y\u0131l\u0131&#8217;nda, aile i\u00e7i ileti\u015fimden finansal desteklere,&nbsp;\u00e7ocuk&nbsp;geli\u015fiminden ya\u015fl\u0131lar\u0131m\u0131z\u0131n desteklenmesine kadar her ya\u015ftan bireye dokunan \u00e7al\u0131\u015fmalar y\u00fcr\u00fctmeye devam edece\u011fiz.&#8221;<\/p>\n\n\n\n<p><strong>&#8220;Aileyi bu s\u00fcrecin tam merkezine koyan bir yakla\u015f\u0131mla \u00e7al\u0131\u015f\u0131yoruz&#8221;<\/strong><\/p>\n\n\n\n<p>&#8220;\u0130lk \u00d6\u011fretmenim Ailem&#8221; mobil uygulamas\u0131yla ailelere art\u0131k \u00e7ok daha yak\u0131n olduklar\u0131n\u0131 belirten G\u00f6kta\u015f, &#8220;Biz her daim gelece\u011fin ba\u015far\u0131l\u0131 bireylerinin g\u00fc\u00e7l\u00fc ve sa\u011fl\u0131kl\u0131 ailelerde yeti\u015fti\u011fine inand\u0131k. Say\u0131n Cumhurba\u015fkan\u0131m\u0131z\u0131n da dile getirdi\u011fi gibi &#8216;B\u00fcy\u00fck ve g\u00fc\u00e7l\u00fc T\u00fcrkiye idealimizi, g\u00fc\u00e7l\u00fc aile ve g\u00fc\u00e7l\u00fc n\u00fcfus yap\u0131s\u0131yla ger\u00e7e\u011fe d\u00f6n\u00fc\u015ft\u00fcrece\u011fiz.&#8217; Bu inan\u00e7la, ailelerin yan\u0131nda yer alan, onlara her an\u0131na e\u015flik eden, rehberlik eden politikalar \u00fcretmeye ve uygulamaya devam ediyoruz.&#8221; a\u00e7\u0131klamas\u0131nda bulundu.<\/p>\n\n\n\n<p>Bir \u00e7ocu\u011fun d\u00fcnyay\u0131 tan\u0131d\u0131\u011f\u0131 ilk yerin ailesi oldu\u011funa dikkati \u00e7eken G\u00f6kta\u015f, &#8220;Bu dijital rehberle, annelerimizin ve babalar\u0131m\u0131z\u0131n en b\u00fcy\u00fck destek\u00e7isi olmay\u0131 hedefliyoruz.&#8221; \u015feklinde konu\u015ftu.<\/p>\n\n\n\n<p>Uygulamayla aile i\u00e7inde daha sa\u011fl\u0131kl\u0131 ileti\u015fimin kurulmas\u0131na, ebeveynlik becerilerinin daha da g\u00fc\u00e7lenmesine katk\u0131 sa\u011flanaca\u011f\u0131na inand\u0131\u011f\u0131n\u0131 dile getiren G\u00f6kta\u015f, uygulaman\u0131n \u00fccretsiz kullan\u0131m\u0131n\u0131 destekleyen Turkcell ve T\u00fcrk Telekom&#8217;a, ayr\u0131ca \u00e7al\u0131\u015fmada eme\u011fi ge\u00e7enlere te\u015fekk\u00fcr etti.<\/p>\n\n\n\n<p><strong>&#8220;Uygulama her anlamda yol g\u00f6sterici&#8221;<\/strong><\/p>\n\n\n\n<p>&#8220;\u0130lk \u00d6\u011fretmenim Ailem&#8221; mobil uygulamas\u0131n\u0131 indirip kullanmaya ba\u015flayan baz\u0131 aileler de uygulamaya ili\u015fkin g\u00f6r\u00fc\u015flerini dile getirdi.<\/p>\n\n\n\n<p>Anne Fahriye Kahraman, &#8220;\u00c7ocu\u011fumuzu kay\u0131t ettik, onunla ilgili fiziksel geli\u015fimini, psikolojik geli\u015fimine ili\u015fkin bilgileri tek tek bulabiliyorum. En \u00e7ok ho\u015fuma giden taraf\u0131 da an\u0131 defteri b\u00f6l\u00fcm\u00fcnde \u00e7ocu\u011fumun an\u0131lar\u0131n\u0131 biriktirebiliyor olmam. Beslenmesinden tutun da zihinsel geli\u015fimi i\u00e7in her anlamda yol g\u00f6sterici. e-Devlet \u00fczerinden giri\u015f yap\u0131labiliyor olmas\u0131 ve Bakanl\u0131\u011f\u0131n uygulamas\u0131 olmas\u0131 da ayr\u0131ca g\u00fcven verici.&#8221; dedi.<\/p>\n\n\n\n<p>\u00dcmm\u00fc G\u00fcls\u00fcm Cengiz ise 2 ya\u015f\u0131ndaki bebe\u011fi Kerem Alp Cengiz i\u00e7in uygulamay\u0131 indirdi\u011fini, program\u0131 \u00e7ocu\u011funun geli\u015fimini takip etmek i\u00e7in kulland\u0131\u011f\u0131n\u0131 dile getirdi.<\/p>\n\n\n\n<p>Anne Cengiz, &#8220;\u00c7ocu\u011fumun ya\u015f grubuna g\u00f6re onunla neler yapmam gerekti\u011fini \u00f6\u011frenebiliyorum. Mobil aplikasyonlar\u0131n indirilebildi\u011fi platformlardan \u00e7ok kolay bir \u015fekilde indirdim. TC kimlik numaramla giri\u015f yapt\u0131m. Annelere \u00f6neririm, i\u00e7inde reklam bulunmamas\u0131 \u00e7ok g\u00fczel. \u0130\u00e7erisinde uzmanlar\u0131n haz\u0131rlad\u0131\u011f\u0131 do\u011fru ve g\u00fcvenilir bilgiler var.&#8221; diye konu\u015ftu.<\/p>\n","protected":false},"excerpt":{"rendered":"<p>Aile ve Sosyal Hizmetler Bakan\u0131m\u0131z Mahinur \u00d6zdemir G\u00f6kta\u015f, &#8220;\u0130lk \u00d6\u011fretmenim Ailem&#8221; mobil uygulamas\u0131n\u0131n tan\u0131t\u0131m program\u0131nda, ba\u015fvurular\u0131 8 Nisan&#8217;dan itibaren e-Devlet \u00fczerinden al\u0131nan do\u011fum yard\u0131m\u0131na \u015fu ana kadar 18 bin 227 ki\u015finin ba\u015fvurdu\u011funu bildirdi Bakan G\u00f6kta\u015f, Bakanl\u0131kta aileler ve \u00e7ocuklar\u0131n kat\u0131l\u0131m\u0131yla d\u00fczenlenen &#8220;\u0130lk \u00d6\u011fretmenim Ailem&#8221; mobil uygulamas\u0131n\u0131n tan\u0131t\u0131m program\u0131na kat\u0131ld\u0131. Buradaki konu\u015fmas\u0131nda aileler i\u00e7in dijital bir<\/p>\n","protected":false},"author":1,"featured_media":371,"comment_status":"open","ping_status":"open","sticky":false,"template":"","format":"standard","meta":{"footnotes":""},"categories":[2],"tags":[25],"class_list":["post-66","post","type-post","status-publish","format-standard","has-post-thumbnail","hentry","category-haberler","tag-ailenin-onemi"],"_links":{"self":[{"href":"http:\/\/www.ailesevgisi.com\/index.php\/wp-json\/wp\/v2\/posts\/66","targetHints":{"allow":["GET"]}}],"collection":[{"href":"http:\/\/www.ailesevgisi.com\/index.php\/wp-json\/wp\/v2\/posts"}],"about":[{"href":"http:\/\/www.ailesevgisi.com\/index.php\/wp-json\/wp\/v2\/types\/post"}],"author":[{"embeddable":true,"href":"http:\/\/www.ailesevgisi.com\/index.php\/wp-json\/wp\/v2\/users\/1"}],"replies":[{"embeddable":true,"href":"http:\/\/www.ailesevgisi.com\/index.php\/wp-json\/wp\/v2\/comments?post=66"}],"version-history":[{"count":1,"href":"http:\/\/www.ailesevgisi.com\/index.php\/wp-json\/wp\/v2\/posts\/66\/revisions"}],"predecessor-version":[{"id":372,"href":"http:\/\/www.ailesevgisi.com\/index.php\/wp-json\/wp\/v2\/posts\/66\/revisions\/372"}],"wp:featuredmedia":[{"embeddable":true,"href":"http:\/\/www.ailesevgisi.com\/index.php\/wp-json\/wp\/v2\/media\/371"}],"wp:attachment":[{"href":"http:\/\/www.ailesevgisi.com\/index.php\/wp-json\/wp\/v2\/media?parent=66"}],"wp:term":[{"taxonomy":"category","embeddable":true,"href":"http:\/\/www.ailesevgisi.com\/index.php\/wp-json\/wp\/v2\/categories?post=66"},{"taxonomy":"post_tag","embeddable":true,"href":"http:\/\/www.ailesevgisi.com\/index.php\/wp-json\/wp\/v2\/tags?post=66"}],"curies":[{"name":"wp","href":"https:\/\/api.w.org\/{rel}","templated":true}]}}