{"id":70,"date":"2025-01-09T06:57:51","date_gmt":"2025-01-09T06:57:51","guid":{"rendered":"https:\/\/newsmagazinexpro.kinsta.cloud\/demo\/?p=70"},"modified":"2025-11-06T08:03:34","modified_gmt":"2025-11-06T08:03:34","slug":"mobil-sosyal-hizmet-merkezleri","status":"publish","type":"post","link":"http:\/\/www.ailesevgisi.com\/index.php\/2025\/01\/09\/mobil-sosyal-hizmet-merkezleri\/","title":{"rendered":"Bakan\u0131m\u0131z G\u00f6kta\u015f: \u201cMobil Sosyal Hizmet Merkezlerimizle Bu Y\u0131l 226.668 Vatanda\u015f\u0131m\u0131za Ula\u015ft\u0131k\u201d"},"content":{"rendered":"\n<p>Aile ve Sosyal Hizmetler Bakan\u0131m\u0131z Mahinur \u00d6zdemir G\u00f6kta\u015f, Sosyal Hizmet Merkezi bulunmayan il\u00e7e ve k\u00f6ylerin yan\u0131 s\u0131ra il merkezinin yo\u011funluklu b\u00f6lgelerinde vatanda\u015flarla y\u00fcz y\u00fcze bulu\u015fma imk\u00e2n\u0131 sunan mobil sosyal hizmet arac\u0131 ekiplerinin b\u00fcy\u00fck bir \u00f6zveriyle \u00e7al\u0131\u015ft\u0131\u011f\u0131n\u0131, vatanda\u015flara rehberlik, bilgilendirme ve y\u00f6nlendirme hizmetlerinin etkin bir \u015fekilde ula\u015ft\u0131r\u0131ld\u0131\u011f\u0131n\u0131 kaydetti.<\/p>\n\n\n\n<p>Aile ve Sosyal Hizmetler Bakan\u0131m\u0131z Mahinur \u00d6zdemir G\u00f6kta\u015f, Sosyal Hizmet Merkezi bulunmayan il\u00e7e ve k\u00f6ylerin yan\u0131 s\u0131ra il merkezinin yo\u011funluklu b\u00f6lgelerinde vatanda\u015flarla y\u00fcz y\u00fcze bulu\u015fma imk\u00e2n\u0131 sunan mobil sosyal hizmet arac\u0131 ekiplerinin b\u00fcy\u00fck bir \u00f6zveriyle \u00e7al\u0131\u015ft\u0131\u011f\u0131n\u0131, vatanda\u015flara rehberlik, bilgilendirme ve y\u00f6nlendirme hizmetlerinin etkin bir \u015fekilde ula\u015ft\u0131r\u0131ld\u0131\u011f\u0131n\u0131 kaydetti.<\/p>\n\n\n\n<p>2025 &#8220;Aile Y\u0131l\u0131&#8221; hedefleri ve Ailenin Korunmas\u0131 ve G\u00fc\u00e7lendirilmesi Vizyon Belgesi do\u011frultusunda, sosyal hizmet modellerini tan\u0131tmak amac\u0131yla Mobil Sosyal Hizmet Merkezi ara\u00e7lar\u0131n\u0131n \u00fclke genelinde g\u00f6revlendirildi\u011fini a\u00e7\u0131klayan G\u00f6kta\u015f, bu kapsamda 31 ilde hizmet vermek \u00fczere planlanan \u00fc\u00e7 Mobil Sosyal Hizmet Merkezi arac\u0131n\u0131n, 14 May\u0131s&#8217;tan itibaren sahada aktif olarak g\u00f6rev yapt\u0131\u011f\u0131n\u0131 ve bug\u00fcne kadar 21 ildeki faaliyetlerin ba\u015far\u0131yla tamamland\u0131\u011f\u0131n\u0131 bildirdi.<\/p>\n\n\n\n<p>Halihaz\u0131rda Bal\u0131kesir, Yozgat ve \u015eanl\u0131urfa&#8217;da hizmetlerin s\u00fcrd\u00fc\u011f\u00fcn\u00fc belirten Bakan G\u00f6kta\u015f, \u201cKayseri, Nev\u015fehir, Ordu, Giresun, Trabzon, Gaziantep ve Hatay illerimizde de \u00e7al\u0131\u015fmalar\u0131m\u0131z\u0131n 31 Aral\u0131k 2025&#8217;e kadar bitirilmesini hedefliyoruz. Sosyal hizmet modelleri hakk\u0131nda rehberlik, tan\u0131t\u0131m ve dan\u0131\u015fmanl\u0131k hizmetlerinin sunuldu\u011fu Mobil Sosyal Hizmet Merkezlerimiz arac\u0131l\u0131\u011f\u0131yla bug\u00fcne kadar 226.668 vatanda\u015f\u0131m\u0131za ula\u015ft\u0131k.\u201d diye konu\u015ftu.<\/p>\n\n\n\n<p><strong>\u201cVatanda\u015flar\u0131m\u0131z\u0131n taleplerini titizlikle kay\u0131t alt\u0131na ald\u0131k\u201d<\/strong><\/p>\n\n\n\n<p>Sosyal hizmet mobil arac\u0131yla Bakanl\u0131k hizmetlerinin yan\u0131 s\u0131ra &#8220;Aile Y\u0131l\u0131&#8221; kapsam\u0131nda yap\u0131lanlar ile t\u00fcm yenilik\u00e7i ve kapsay\u0131c\u0131 \u00e7al\u0131\u015fmalar\u0131n vatanda\u015flara aktar\u0131ld\u0131\u011f\u0131n\u0131 kaydeden Bakan G\u00f6kta\u015f, \u201cYapt\u0131\u011f\u0131m\u0131z hizmetlerin vatanda\u015flar\u0131m\u0131z taraf\u0131ndan bilinmesini ve daha yayg\u0131n \u015fekilde kullan\u0131lmas\u0131n\u0131 \u00f6nemsiyoruz\u201d dedi.<\/p>\n\n\n\n<p>Vatanda\u015flar\u0131n mobil hizmet ara\u00e7lar\u0131 vas\u0131tas\u0131yla talep ve beklentilerini do\u011frudan, arac\u0131s\u0131z bir \u015fekilde Bakanl\u0131k birimlerine iletebildi\u011finin alt\u0131n\u0131 \u00e7izen Bakan G\u00f6kta\u015f, \u201cMobil hizmet ara\u00e7lar\u0131m\u0131zla vatanda\u015f\u0131m\u0131z\u0131n taleplerini titizlikle kay\u0131t alt\u0131na al\u0131yor ve ilgili birimlerimize ivedilikle iletiyoruz. Bu veriler, bundan sonraki hizmet planlamalar\u0131m\u0131za \u0131\u015f\u0131k tutacak, politikalar\u0131m\u0131z\u0131 bu y\u00f6nde \u015fekillendirecektir\u201d de\u011ferlendirmesinde bulundu.<\/p>\n\n\n\n<p>Bakan G\u00f6kta\u015f, devlet olarak her bir vatanda\u015fa, sosyal hizmetleri e\u015fit, adil ve eri\u015filebilir \u015fekilde sunmak i\u00e7in gayret g\u00f6sterdiklerine vurgu yaparak, \u015f\u00f6yle konu\u015ftu:<\/p>\n\n\n\n<p>&#8220;Mobil Sosyal Hizmet ara\u00e7lar\u0131m\u0131z, sahadaki g\u00fcc\u00fcm\u00fcz\u00fc ve vatanda\u015flar\u0131m\u0131zla kurdu\u011fumuz g\u00f6n\u00fcl k\u00f6pr\u00fcs\u00fcn\u00fcn ne kadar sa\u011flam oldu\u011funu bir kez daha g\u00f6stermi\u015ftir. Mobil sosyal hizmet ara\u00e7lar\u0131m\u0131zla, T\u00fcrkiye&#8217;nin d\u00f6rt bir yan\u0131nda olmaya, \u201c\u0130nsan\u0131 ya\u015fat ki Devlet ya\u015fas\u0131n\u201d d\u00fcsturumuzla hizmet etmeye devam edece\u011fiz.\u201d<\/p>\n\n\n\n<p><strong>Deprem b\u00f6lgelerinde etkin hizmet<\/strong><\/p>\n\n\n\n<p>Bakan G\u00f6kta\u015f, Mobil Sosyal Hizmet ara\u00e7lar\u0131n\u0131n deprem b\u00f6lgesinde afetlerden sonra da etkin \u015fekilde g\u00f6rev yapt\u0131\u011f\u0131na vurgu yaparak, \u201cMobil SHM\u2019lerimizi depremin yaralar\u0131n\u0131 sarmak ve ihtiya\u00e7lar\u0131 gidermek amac\u0131yla etkin \u015fekilde vatanda\u015flar\u0131m\u0131z\u0131n hizmetine sunuyoruz.\u201d dedi.<\/p>\n\n\n\n<p>Mobil Sosyal Hizmet Merkezlerinin g\u00f6revli oldu\u011fu illerde aile dan\u0131\u015fmanl\u0131\u011f\u0131, \u00e7ocuk, kad\u0131n, engelli ve ya\u015fl\u0131 hizmetleri ba\u015fta olmak \u00fczere koruyucu ve \u00f6nleyici sosyal hizmet modellerini etkin bir \u015fekilde tan\u0131tt\u0131\u011f\u0131n\u0131 bildiren Bakan G\u00f6kta\u015f, ba\u011f\u0131ml\u0131l\u0131kla m\u00fccadele ve aile i\u00e7i ileti\u015fim gibi kritik konularda da rehberlik sa\u011flad\u0131\u011f\u0131n\u0131 kaydetti.<\/p>\n","protected":false},"excerpt":{"rendered":"<p>Aile ve Sosyal Hizmetler Bakan\u0131m\u0131z Mahinur \u00d6zdemir G\u00f6kta\u015f, Sosyal Hizmet Merkezi bulunmayan il\u00e7e ve k\u00f6ylerin yan\u0131 s\u0131ra il merkezinin yo\u011funluklu b\u00f6lgelerinde vatanda\u015flarla y\u00fcz y\u00fcze bulu\u015fma imk\u00e2n\u0131 sunan mobil sosyal hizmet arac\u0131 ekiplerinin b\u00fcy\u00fck bir \u00f6zveriyle \u00e7al\u0131\u015ft\u0131\u011f\u0131n\u0131, vatanda\u015flara rehberlik, bilgilendirme ve y\u00f6nlendirme hizmetlerinin etkin bir \u015fekilde ula\u015ft\u0131r\u0131ld\u0131\u011f\u0131n\u0131 kaydetti. Aile ve Sosyal Hizmetler Bakan\u0131m\u0131z Mahinur \u00d6zdemir G\u00f6kta\u015f,<\/p>\n","protected":false},"author":1,"featured_media":377,"comment_status":"open","ping_status":"open","sticky":false,"template":"","format":"standard","meta":{"footnotes":""},"categories":[2],"tags":[25],"class_list":["post-70","post","type-post","status-publish","format-standard","has-post-thumbnail","hentry","category-haberler","tag-ailenin-onemi"],"_links":{"self":[{"href":"http:\/\/www.ailesevgisi.com\/index.php\/wp-json\/wp\/v2\/posts\/70","targetHints":{"allow":["GET"]}}],"collection":[{"href":"http:\/\/www.ailesevgisi.com\/index.php\/wp-json\/wp\/v2\/posts"}],"about":[{"href":"http:\/\/www.ailesevgisi.com\/index.php\/wp-json\/wp\/v2\/types\/post"}],"author":[{"embeddable":true,"href":"http:\/\/www.ailesevgisi.com\/index.php\/wp-json\/wp\/v2\/users\/1"}],"replies":[{"embeddable":true,"href":"http:\/\/www.ailesevgisi.com\/index.php\/wp-json\/wp\/v2\/comments?post=70"}],"version-history":[{"count":1,"href":"http:\/\/www.ailesevgisi.com\/index.php\/wp-json\/wp\/v2\/posts\/70\/revisions"}],"predecessor-version":[{"id":378,"href":"http:\/\/www.ailesevgisi.com\/index.php\/wp-json\/wp\/v2\/posts\/70\/revisions\/378"}],"wp:featuredmedia":[{"embeddable":true,"href":"http:\/\/www.ailesevgisi.com\/index.php\/wp-json\/wp\/v2\/media\/377"}],"wp:attachment":[{"href":"http:\/\/www.ailesevgisi.com\/index.php\/wp-json\/wp\/v2\/media?parent=70"}],"wp:term":[{"taxonomy":"category","embeddable":true,"href":"http:\/\/www.ailesevgisi.com\/index.php\/wp-json\/wp\/v2\/categories?post=70"},{"taxonomy":"post_tag","embeddable":true,"href":"http:\/\/www.ailesevgisi.com\/index.php\/wp-json\/wp\/v2\/tags?post=70"}],"curies":[{"name":"wp","href":"https:\/\/api.w.org\/{rel}","templated":true}]}}